{"id":1157,"date":"2016-03-02T12:38:22","date_gmt":"2016-03-02T15:38:22","guid":{"rendered":"https:\/\/blogs.correiobraziliense.com.br\/servidor\/?p=1157"},"modified":"2016-03-02T12:38:22","modified_gmt":"2016-03-02T15:38:22","slug":"teto-do-funcionalismo-policiais-e-bombeiros-pressionam-congresso","status":"publish","type":"post","link":"https:\/\/blogs.correiobraziliense.com.br\/servidor\/teto-do-funcionalismo-policiais-e-bombeiros-pressionam-congresso\/","title":{"rendered":"TETO DO FUNCIONALISMO &#8211; POLICIAIS E BOMBEIROS PRESSIONAM CONGRESSO"},"content":{"rendered":"<p>Cerca de 50 policiais militares e bombeiros est\u00e3o no Congresso para pressionar contra trecho do PL do teto do funcionalismo &#8211; Projeto de Lei 3123\/2015, que trata do cumprimento da Constitui\u00e7\u00e3o e prev\u00ea que servidores p\u00fablicos n\u00e3o podem ganhar mais que os ministros do Supremo Tribunal Federal (STF), hoje com sal\u00e1rio de R$ 33,7 mil.. Com a mudan\u00e7a legal, eles n\u00e3o poderiam receber acima de R$ 30 mil mesmo no caso de benef\u00edcios, como f\u00e9rias, licen\u00e7a pr\u00eamio e ajudas de custo (como transfer\u00eancia de estado) e alegam que ser\u00e3o prejudicados com isso. \u00c9 o artigo 4\u00ba incisos 7, 9 e 10. O deputado Alberto Fraga (DEM-DF) ir\u00e1 apresentar requerimento para adiar a discuss\u00e3o a fim de tentar um consenso. A estimativa \u00e9 que se a mudan\u00e7a for aprovada na C\u00e2mara, haver\u00e1 uma debandada de policiais militares para aproveitar enquanto a mudan\u00e7a n\u00e3o \u00e9 aprovada no Senado. Estima-se que h\u00e1 cerca de 1.400 PMs esperando para irem para a reserva.<\/p>\n","protected":false},"excerpt":{"rendered":"<p>Cerca de 50 policiais militares e bombeiros est\u00e3o no Congresso para pressionar contra trecho do PL do teto do funcionalismo &#8211; Projeto de Lei 3123\/2015, que trata do cumprimento da Constitui\u00e7\u00e3o e prev\u00ea que servidores p\u00fablicos n\u00e3o podem ganhar mais que os ministros do Supremo Tribunal Federal (STF), hoje com sal\u00e1rio de R$ 33,7 mil.. Com a mudan\u00e7a legal, eles [&hellip;]<\/p>\n","protected":false},"author":27,"featured_media":0,"comment_status":"open","ping_status":"closed","sticky":false,"template":"","format":"standard","meta":{"footnotes":""},"categories":[1],"tags":[1165,100,1164,33,110,1166,101,34,642],"class_list":["post-1157","post","type-post","status-publish","format-standard","hentry","category-sem-categoria","tag-bombeiros","tag-congresso","tag-funcionalismo","tag-ministros","tag-policiais","tag-pressionam","tag-projeto","tag-stf","tag-teto"],"_links":{"self":[{"href":"https:\/\/blogs.correiobraziliense.com.br\/servidor\/wp-json\/wp\/v2\/posts\/1157","targetHints":{"allow":["GET"]}}],"collection":[{"href":"https:\/\/blogs.correiobraziliense.com.br\/servidor\/wp-json\/wp\/v2\/posts"}],"about":[{"href":"https:\/\/blogs.correiobraziliense.com.br\/servidor\/wp-json\/wp\/v2\/types\/post"}],"author":[{"embeddable":true,"href":"https:\/\/blogs.correiobraziliense.com.br\/servidor\/wp-json\/wp\/v2\/users\/27"}],"replies":[{"embeddable":true,"href":"https:\/\/blogs.correiobraziliense.com.br\/servidor\/wp-json\/wp\/v2\/comments?post=1157"}],"version-history":[{"count":1,"href":"https:\/\/blogs.correiobraziliense.com.br\/servidor\/wp-json\/wp\/v2\/posts\/1157\/revisions"}],"predecessor-version":[{"id":1158,"href":"https:\/\/blogs.correiobraziliense.com.br\/servidor\/wp-json\/wp\/v2\/posts\/1157\/revisions\/1158"}],"wp:attachment":[{"href":"https:\/\/blogs.correiobraziliense.com.br\/servidor\/wp-json\/wp\/v2\/media?parent=1157"}],"wp:term":[{"taxonomy":"category","embeddable":true,"href":"https:\/\/blogs.correiobraziliense.com.br\/servidor\/wp-json\/wp\/v2\/categories?post=1157"},{"taxonomy":"post_tag","embeddable":true,"href":"https:\/\/blogs.correiobraziliense.com.br\/servidor\/wp-json\/wp\/v2\/tags?post=1157"}],"curies":[{"name":"wp","href":"https:\/\/api.w.org\/{rel}","templated":true}]}}