{"id":11567,"date":"2019-01-18T13:05:32","date_gmt":"2019-01-18T15:05:32","guid":{"rendered":"https:\/\/blogs.correiobraziliense.com.br\/servidor\/?p=11567"},"modified":"2019-01-18T13:09:50","modified_gmt":"2019-01-18T15:09:50","slug":"enap-inscricoes-abertas-para-o-workshop-plano-anual-de-contratacoes","status":"publish","type":"post","link":"https:\/\/blogs.correiobraziliense.com.br\/servidor\/enap-inscricoes-abertas-para-o-workshop-plano-anual-de-contratacoes\/","title":{"rendered":"Enap &#8211; Inscri\u00e7\u00f5es abertas para o Workshop Plano Anual de Contrata\u00e7\u00f5es"},"content":{"rendered":"<p><em>A capacita\u00e7\u00e3o tem como p\u00fablico alvo servidores p\u00fablicos que atuam diretamente com contrata\u00e7\u00f5es e gest\u00e3o de compras p\u00fablicas no governo federal<\/em><\/p>\n<p><img loading=\"lazy\" decoding=\"async\" class=\"size-large wp-image-11569 aligncenter\" src=\"https:\/\/blogs.correiobraziliense.com.br\/servidor\/wp-content\/uploads\/sites\/10\/2019\/01\/Workshop-Plano-Anual-Compras-Blog-Servidor-564x1024.jpg\" alt=\"\" width=\"564\" height=\"1024\" srcset=\"https:\/\/blogs.correiobraziliense.com.br\/servidor\/wp-content\/uploads\/sites\/10\/2019\/01\/Workshop-Plano-Anual-Compras-Blog-Servidor-564x1024.jpg 564w, https:\/\/blogs.correiobraziliense.com.br\/servidor\/wp-content\/uploads\/sites\/10\/2019\/01\/Workshop-Plano-Anual-Compras-Blog-Servidor-165x300.jpg 165w, https:\/\/blogs.correiobraziliense.com.br\/servidor\/wp-content\/uploads\/sites\/10\/2019\/01\/Workshop-Plano-Anual-Compras-Blog-Servidor-193x350.jpg 193w, https:\/\/blogs.correiobraziliense.com.br\/servidor\/wp-content\/uploads\/sites\/10\/2019\/01\/Workshop-Plano-Anual-Compras-Blog-Servidor-550x998.jpg 550w, https:\/\/blogs.correiobraziliense.com.br\/servidor\/wp-content\/uploads\/sites\/10\/2019\/01\/Workshop-Plano-Anual-Compras-Blog-Servidor-230x417.jpg 230w, https:\/\/blogs.correiobraziliense.com.br\/servidor\/wp-content\/uploads\/sites\/10\/2019\/01\/Workshop-Plano-Anual-Compras-Blog-Servidor.jpg 667w\" sizes=\"auto, (max-width: 564px) 100vw, 564px\" \/><\/p>\n<p>Est\u00e3o abertas at\u00e9 o dia 22\/01 as inscri\u00e7\u00f5es para o Workshop Plano Anual de Contrata\u00e7\u00f5es, da Escola Nacional de Administra\u00e7\u00e3o P\u00fablica (Enap). O evento que ser\u00e1 realizado no dia 23 de janeiro, tem como tem\u00e1tica as inova\u00e7\u00f5es normativas da Instru\u00e7\u00e3o Normativa n\u00ba 1, de 2019, que trata do Plano Anual de Contrata\u00e7\u00f5es e sua transforma\u00e7\u00e3o na Governan\u00e7a e na gest\u00e3o das compras do Governo Federal.<\/p>\n<p>&#8220;A capacita\u00e7\u00e3o tem como p\u00fablico alvo servidores p\u00fablicos que atuam diretamente com contrata\u00e7\u00f5es e gest\u00e3o de compras p\u00fablicas no governo federal, que ao final do workshop ser\u00e3o capazes de estruturar o Plano Anual de Contrata\u00e7\u00f5es de seu \u00f3rg\u00e3o ou entidade, visando a maximiza\u00e7\u00e3o dos resultados institucionais, a partir da melhoria da governan\u00e7a e da gest\u00e3o das contrata\u00e7\u00f5es, bem como aumentar sua compreens\u00e3o dos procedimentos para implementa\u00e7\u00e3o do Plano Anual de Contrata\u00e7\u00f5es (PAC)&#8221;, informa a Enap.<\/p>\n<p><strong>Local: Enap<\/strong><\/p>\n<p>Inscri\u00e7\u00f5es gratuitas:\u00a0<a href=\"https:\/\/suap.enap.gov.br\/portal\/curso\/166\/\">https:\/\/suap.enap.gov.br\/portal\/curso\/166\/<\/a><\/p>\n<p>Hor\u00e1rio: 9h \u00e0s 12h<\/p>\n<p>Mais informa\u00e7\u00f5es: Luciana G\u00fcnther Cunha de Freitas <a href=\"mailto:luciana.gunther@enap.gov.br\">luciana.gunther@enap.gov.br<\/a><\/p>\n<p>Transmiss\u00e3o ao vivo pelo link <a href=\"http:\/\/assiste.enap.gov.br\">assiste.enap.gov.br<\/a><\/p>\n","protected":false},"excerpt":{"rendered":"<p>A capacita\u00e7\u00e3o tem como p\u00fablico alvo servidores p\u00fablicos que atuam diretamente com contrata\u00e7\u00f5es e gest\u00e3o de compras p\u00fablicas no governo federal Est\u00e3o abertas at\u00e9 o dia 22\/01 as inscri\u00e7\u00f5es para o Workshop Plano Anual de Contrata\u00e7\u00f5es, da Escola Nacional de Administra\u00e7\u00e3o P\u00fablica (Enap). O evento que ser\u00e1 realizado no dia 23 de janeiro, tem como tem\u00e1tica as inova\u00e7\u00f5es normativas da [&hellip;]<\/p>\n","protected":false},"author":27,"featured_media":0,"comment_status":"open","ping_status":"closed","sticky":false,"template":"","format":"standard","meta":{"footnotes":""},"categories":[2719],"tags":[9249,199,308,124,315,566,98,14367,781,14366,927,24,58,7537],"class_list":["post-11567","post","type-post","status-publish","format-standard","hentry","category-servidor","tag-compras","tag-contratacoes","tag-enap","tag-federal","tag-gestao","tag-governanca","tag-governo","tag-in-no-1","tag-inscricoes","tag-plano-anual-de-contratacoes","tag-procedimentos","tag-publicos","tag-servidores","tag-workshop"],"_links":{"self":[{"href":"https:\/\/blogs.correiobraziliense.com.br\/servidor\/wp-json\/wp\/v2\/posts\/11567","targetHints":{"allow":["GET"]}}],"collection":[{"href":"https:\/\/blogs.correiobraziliense.com.br\/servidor\/wp-json\/wp\/v2\/posts"}],"about":[{"href":"https:\/\/blogs.correiobraziliense.com.br\/servidor\/wp-json\/wp\/v2\/types\/post"}],"author":[{"embeddable":true,"href":"https:\/\/blogs.correiobraziliense.com.br\/servidor\/wp-json\/wp\/v2\/users\/27"}],"replies":[{"embeddable":true,"href":"https:\/\/blogs.correiobraziliense.com.br\/servidor\/wp-json\/wp\/v2\/comments?post=11567"}],"version-history":[{"count":3,"href":"https:\/\/blogs.correiobraziliense.com.br\/servidor\/wp-json\/wp\/v2\/posts\/11567\/revisions"}],"predecessor-version":[{"id":11571,"href":"https:\/\/blogs.correiobraziliense.com.br\/servidor\/wp-json\/wp\/v2\/posts\/11567\/revisions\/11571"}],"wp:attachment":[{"href":"https:\/\/blogs.correiobraziliense.com.br\/servidor\/wp-json\/wp\/v2\/media?parent=11567"}],"wp:term":[{"taxonomy":"category","embeddable":true,"href":"https:\/\/blogs.correiobraziliense.com.br\/servidor\/wp-json\/wp\/v2\/categories?post=11567"},{"taxonomy":"post_tag","embeddable":true,"href":"https:\/\/blogs.correiobraziliense.com.br\/servidor\/wp-json\/wp\/v2\/tags?post=11567"}],"curies":[{"name":"wp","href":"https:\/\/api.w.org\/{rel}","templated":true}]}}