{"id":11551,"date":"2019-01-17T20:32:33","date_gmt":"2019-01-17T22:32:33","guid":{"rendered":"https:\/\/blogs.correiobraziliense.com.br\/servidor\/?p=11551"},"modified":"2019-01-17T20:36:30","modified_gmt":"2019-01-17T22:36:30","slug":"geap-urgente-entidades-ja-negociaram-aumento-servidores-terao-reajuste-de-976-o-menor-dos-ultimos-tempos","status":"publish","type":"post","link":"https:\/\/blogs.correiobraziliense.com.br\/servidor\/geap-urgente-entidades-ja-negociaram-aumento-servidores-terao-reajuste-de-976-o-menor-dos-ultimos-tempos\/","title":{"rendered":"Geap urgente \u2013 Entidades j\u00e1 negociaram aumento. Servidores ter\u00e3o reajuste de 9,76%, o menor dos \u00faltimos tempos"},"content":{"rendered":"<p><em>Benefici\u00e1rios n\u00e3o precisam se preocupar em enviar seus documentos. O contato ser\u00e1 direto entre federa\u00e7\u00f5es, confedera\u00e7\u00f5es e sindicatos com a operadora e, ap\u00f3s reuni\u00e3o na tarde de hoje, o prazo para entrega dos dados foi adiado para 22 de janeiro. A Geap confirmou o \u00edndice de reajuste da contribui\u00e7\u00e3o mensal de 9,76%, em 2019, v\u00e1lido a partir de 1\u00ba de fevereiro<br \/>\n<\/em><\/p>\n<p>A redu\u00e7\u00e3o do percentual somente foi poss\u00edvel, de acordo com Rog\u00e9rio Ant\u00f4nio Expedito, do F\u00f3rum das Entidades Nacionais dos Servidores P\u00fablicos Federais (Fonasefe), porque as entidades entraram em acordo e retiraram as a\u00e7\u00f5es judiciais antigas que contestavam o aumento de 37,55%, estabelecido pela Geap em 2016. As reuni\u00f5es para decidir sobre o \u00edndice come\u00e7aram em outubro, segundo o dirigente sindical. \u201cDescobrimos que, ao contr\u00e1rio da maioria das companhias do ramo, que s\u00f3 consideram para a composi\u00e7\u00e3o da tabela o custo administrativo e a infla\u00e7\u00e3o m\u00e9dica, havia outros itens como o custo das a\u00e7\u00f5es judiciais, que onerava as despesas da Geap. Eram cerca de 60 a\u00e7\u00f5es, envolvendo mais de 142 mil pessoas, ao custo de R$ 500 milh\u00f5es. Como resultado, a corre\u00e7\u00e3o para 2019, para o benefici\u00e1rio, seria de 19,97%. Sem as a\u00e7\u00f5es, caiu para 9,76%\u201d, explicou.<\/p>\n<p>Por meio de nota, a Geap confirmou o \u00edndice de reajuste de 9,76% para a contribui\u00e7\u00e3o mensal dos planos. \u201cEste percentual \u00e9 fruto de detalhado e minucioso estudo atuarial, a partir das proje\u00e7\u00f5es de despesas para o ano de 2019. \u00c9 o menor percentual aplicado, nos \u00faltimos anos. Isso s\u00f3 foi poss\u00edvel gra\u00e7as ao trabalho realizado de forma conjunta, entre conselhos e diretoria da Geap e representantes dos servidores. \u00c9 a primeira vez que isso acontece\u201d, destacou o documento. A operadora divulgou, ainda, que o estudo, que estabelece o valor da mensalidade, leva em considera\u00e7\u00e3o diversos fatores, dentre eles o aumento expressivo das despesas m\u00e9dico-hospitalares e odontol\u00f3gicas em decorr\u00eancia da infla\u00e7\u00e3o m\u00e9dica, que tem sido bem maior do que a indicada pelo \u00edndice oficial de infla\u00e7\u00e3o (IPCA); a amplia\u00e7\u00e3o do rol m\u00ednimo de procedimentos obrigat\u00f3rios; a frequ\u00eancia de utiliza\u00e7\u00e3o das coberturas; e liminares judiciais.<\/p>\n<p align=\"JUSTIFY\">Para garantir um menor percentual de reajuste, a dire\u00e7\u00e3o da Geap iniciou uma forte redu\u00e7\u00e3o de custos. \u201cEstamos adotando medidas de austeridade para um atendimento de qualidade, sem comprometer o equil\u00edbrio econ\u00f4mico-financeiro da empresa\u201d, destacou o diretor-executivo, Leopoldo Jorge Alves Neto. \u201cAl\u00e9m das atividades diversificadas de est\u00edmulo ao autocuidado e ao bem-estar para cada fase da vida, os planos da Geap renovam o compromisso de cobrir v\u00e1rios procedimentos m\u00e9dicos e odontol\u00f3gicos sem cobran\u00e7a de coparticipa\u00e7\u00e3o\u201d, assinalou a nota. Para atualizar dados cadastrais, bata acessar o site <a href=\"http:\/\/www.geap.com.br\/\" target=\"_blank\" rel=\"noopener\">www.geap.com.br<\/a>.<\/p>\n","protected":false},"excerpt":{"rendered":"<p>Benefici\u00e1rios n\u00e3o precisam se preocupar em enviar seus documentos. O contato ser\u00e1 direto entre federa\u00e7\u00f5es, confedera\u00e7\u00f5es e sindicatos com a operadora e, ap\u00f3s reuni\u00e3o na tarde de hoje, o prazo para entrega dos dados foi adiado para 22 de janeiro. A Geap confirmou o \u00edndice de reajuste da contribui\u00e7\u00e3o mensal de 9,76%, em 2019, v\u00e1lido a partir de 1\u00ba de [&hellip;]<\/p>\n","protected":false},"author":27,"featured_media":0,"comment_status":"open","ping_status":"closed","sticky":false,"template":"","format":"standard","meta":{"footnotes":""},"categories":[2719],"tags":[14343,112,2486,756,759,2116,14342,14344,760,1287,3329,76,240,636,1053,297,2317,1174,7490,58,3801],"class_list":["post-11551","post","type-post","status-publish","format-standard","hentry","category-servidor","tag-acoes-judiciaistabela","tag-acordo","tag-atuarial","tag-confederacoes","tag-correcao","tag-custo","tag-datos","tag-despsas","tag-documentos","tag-estudo","tag-federacoes","tag-geap","tag-inflacao","tag-ipca","tag-operadora","tag-percentual","tag-plano-de-saude","tag-prazo","tag-projecoes","tag-servidores","tag-sindicatos"],"_links":{"self":[{"href":"https:\/\/blogs.correiobraziliense.com.br\/servidor\/wp-json\/wp\/v2\/posts\/11551","targetHints":{"allow":["GET"]}}],"collection":[{"href":"https:\/\/blogs.correiobraziliense.com.br\/servidor\/wp-json\/wp\/v2\/posts"}],"about":[{"href":"https:\/\/blogs.correiobraziliense.com.br\/servidor\/wp-json\/wp\/v2\/types\/post"}],"author":[{"embeddable":true,"href":"https:\/\/blogs.correiobraziliense.com.br\/servidor\/wp-json\/wp\/v2\/users\/27"}],"replies":[{"embeddable":true,"href":"https:\/\/blogs.correiobraziliense.com.br\/servidor\/wp-json\/wp\/v2\/comments?post=11551"}],"version-history":[{"count":4,"href":"https:\/\/blogs.correiobraziliense.com.br\/servidor\/wp-json\/wp\/v2\/posts\/11551\/revisions"}],"predecessor-version":[{"id":11555,"href":"https:\/\/blogs.correiobraziliense.com.br\/servidor\/wp-json\/wp\/v2\/posts\/11551\/revisions\/11555"}],"wp:attachment":[{"href":"https:\/\/blogs.correiobraziliense.com.br\/servidor\/wp-json\/wp\/v2\/media?parent=11551"}],"wp:term":[{"taxonomy":"category","embeddable":true,"href":"https:\/\/blogs.correiobraziliense.com.br\/servidor\/wp-json\/wp\/v2\/categories?post=11551"},{"taxonomy":"post_tag","embeddable":true,"href":"https:\/\/blogs.correiobraziliense.com.br\/servidor\/wp-json\/wp\/v2\/tags?post=11551"}],"curies":[{"name":"wp","href":"https:\/\/api.w.org\/{rel}","templated":true}]}}