{"id":11545,"date":"2019-01-17T17:37:16","date_gmt":"2019-01-17T19:37:16","guid":{"rendered":"https:\/\/blogs.correiobraziliense.com.br\/servidor\/?p=11545"},"modified":"2019-01-17T17:37:16","modified_gmt":"2019-01-17T19:37:16","slug":"concurso-para-livre-docente-no-icmc-esta-com-inscricoes-abertas","status":"publish","type":"post","link":"https:\/\/blogs.correiobraziliense.com.br\/servidor\/concurso-para-livre-docente-no-icmc-esta-com-inscricoes-abertas\/","title":{"rendered":"Concurso para livre-docente no ICMC est\u00e1 com inscri\u00e7\u00f5es abertas"},"content":{"rendered":"<div><span style=\"color: #000000;font-family: arial, helvetica, sans-serif\"><i>Inscri\u00e7\u00f5es at\u00e9 o dia 31 de janeiro<\/i><\/span><\/div>\n<div><span style=\"color: #000000\"><i>\u00a0<\/i><\/span><\/div>\n<div>\n<div>Est\u00e3o abertas at\u00e9 o dia 31 de janeiro as inscri\u00e7\u00f5es para o concurso destinado \u00e0 obten\u00e7\u00e3o do t\u00edtulo de livre-docente no Instituto de Ci\u00eancias Matem\u00e1ticas e de Computa\u00e7\u00e3o (ICMC) da USP, em S\u00e3o Carlos. O edital contempla os seguintes departamentos e \u00e1reas do conhecimento:<\/div>\n<div>\n<ul>\n<li>Departamentos de Matem\u00e1tica: An\u00e1lise; \u00c1lgebra Comutativa e Geometria Alg\u00e9brica; Topologia e Singularidades.<\/li>\n<li>Departamento de Ci\u00eancias de Computa\u00e7\u00e3o: Ci\u00eancias de Computa\u00e7\u00e3o.<\/li>\n<li>Departamento de Matem\u00e1tica Aplicada e Estat\u00edstica: Estat\u00edstica e Probabilidade.<\/li>\n<li>Departamento de Sistemas de Computa\u00e7\u00e3o: Sistemas de Computa\u00e7\u00e3o.<\/li>\n<\/ul>\n<\/div>\n<div>As inscri\u00e7\u00f5es podem ser feitas pessoalmente ou por procura\u00e7\u00e3o na Assist\u00eancia Acad\u00eamica do ICMC, na Avenida Trabalhador S\u00e3o-Carlense, 400, no campus da USP em S\u00e3o Carlos.<\/div>\n<div><\/div>\n<div>Para mais informa\u00e7\u00f5es, consulte o edital completo dispon\u00edvel em <em><a href=\"http:\/\/icmc.usp.br\/e\/da331\" target=\"_blank\" rel=\"noopener\">icmc.usp.br\/e\/da331<\/a><\/em>.<\/div>\n<\/div>\n","protected":false},"excerpt":{"rendered":"<p>Inscri\u00e7\u00f5es at\u00e9 o dia 31 de janeiro \u00a0 Est\u00e3o abertas at\u00e9 o dia 31 de janeiro as inscri\u00e7\u00f5es para o concurso destinado \u00e0 obten\u00e7\u00e3o do t\u00edtulo de livre-docente no Instituto de Ci\u00eancias Matem\u00e1ticas e de Computa\u00e7\u00e3o (ICMC) da USP, em S\u00e3o Carlos. O edital contempla os seguintes departamentos e \u00e1reas do conhecimento: Departamentos de Matem\u00e1tica: An\u00e1lise; \u00c1lgebra Comutativa e Geometria [&hellip;]<\/p>\n","protected":false},"author":27,"featured_media":0,"comment_status":"open","ping_status":"closed","sticky":false,"template":"","format":"standard","meta":{"footnotes":""},"categories":[2719],"tags":[93,92,2978,4825,2982],"class_list":["post-11545","post","type-post","status-publish","format-standard","hentry","category-servidor","tag-concurso","tag-edital","tag-icmc","tag-livre-docente","tag-usp"],"_links":{"self":[{"href":"https:\/\/blogs.correiobraziliense.com.br\/servidor\/wp-json\/wp\/v2\/posts\/11545","targetHints":{"allow":["GET"]}}],"collection":[{"href":"https:\/\/blogs.correiobraziliense.com.br\/servidor\/wp-json\/wp\/v2\/posts"}],"about":[{"href":"https:\/\/blogs.correiobraziliense.com.br\/servidor\/wp-json\/wp\/v2\/types\/post"}],"author":[{"embeddable":true,"href":"https:\/\/blogs.correiobraziliense.com.br\/servidor\/wp-json\/wp\/v2\/users\/27"}],"replies":[{"embeddable":true,"href":"https:\/\/blogs.correiobraziliense.com.br\/servidor\/wp-json\/wp\/v2\/comments?post=11545"}],"version-history":[{"count":1,"href":"https:\/\/blogs.correiobraziliense.com.br\/servidor\/wp-json\/wp\/v2\/posts\/11545\/revisions"}],"predecessor-version":[{"id":11546,"href":"https:\/\/blogs.correiobraziliense.com.br\/servidor\/wp-json\/wp\/v2\/posts\/11545\/revisions\/11546"}],"wp:attachment":[{"href":"https:\/\/blogs.correiobraziliense.com.br\/servidor\/wp-json\/wp\/v2\/media?parent=11545"}],"wp:term":[{"taxonomy":"category","embeddable":true,"href":"https:\/\/blogs.correiobraziliense.com.br\/servidor\/wp-json\/wp\/v2\/categories?post=11545"},{"taxonomy":"post_tag","embeddable":true,"href":"https:\/\/blogs.correiobraziliense.com.br\/servidor\/wp-json\/wp\/v2\/tags?post=11545"}],"curies":[{"name":"wp","href":"https:\/\/api.w.org\/{rel}","templated":true}]}}