{"id":11543,"date":"2019-01-17T15:09:05","date_gmt":"2019-01-17T17:09:05","guid":{"rendered":"https:\/\/blogs.correiobraziliense.com.br\/servidor\/?p=11543"},"modified":"2019-01-17T15:09:05","modified_gmt":"2019-01-17T17:09:05","slug":"urgente-geap-reduz-percentual-de-reajuste-e-beneficiarios-devem-enviar-dados-ate-o-final-do-dia","status":"publish","type":"post","link":"https:\/\/blogs.correiobraziliense.com.br\/servidor\/urgente-geap-reduz-percentual-de-reajuste-e-beneficiarios-devem-enviar-dados-ate-o-final-do-dia\/","title":{"rendered":"Urgente &#8211; Geap reduz percentual de reajuste e benefici\u00e1rios devem enviar dados at\u00e9 o final do dia"},"content":{"rendered":"<p><em>Segundo informa\u00e7\u00f5es de associa\u00e7\u00f5es de servidores federais, o chamado \u00e9 para todos os filiados benefici\u00e1rios da Geap, maior operadora de planos de sa\u00fade do funcionalismo. Entidades de classe conseguiram diminuir o aumento programado<\/em><\/p>\n<p>&#8220;Em mar\u00e7o de 2016, o Unacon Sindical ingressou com a\u00e7\u00e3o na Justi\u00e7a Federal contra o aumento abusivo de 37,55% nas mensalidades dos planos geridos pela Geap Autogest\u00e3o em Sa\u00fade. Na ocasi\u00e3o, o Sindicato obteve antecipa\u00e7\u00e3o de tutela para reduzir o percentual para 20%&#8221;, informa a entidade.<\/p>\n<p>Como a cautelar foi cassada, a Geap poderia cobrar os valores majorados de forma retroativa. Por\u00e9m, as entidades de classe dos benefici\u00e1rios fizeram um acordo para que n\u00e3o seja feita essa cobran\u00e7a, bem como para reduzir o pr\u00f3ximo reajuste.<\/p>\n<p>&#8220;No entanto, o acordo prev\u00ea que as entidades devem informar, impreterivelmente, at\u00e9 o dia 18 de janeiro, nome, CPF e matr\u00edcula Siape dos benefici\u00e1rios, e nome e CPF de seus dependentes. \u201cEsses prazos foram definidos sem a nossa inger\u00eancia\u201d, esclarece Rudinei Marques, presidente do Unacon Sindical.<\/p>\n","protected":false},"excerpt":{"rendered":"<p>Segundo informa\u00e7\u00f5es de associa\u00e7\u00f5es de servidores federais, o chamado \u00e9 para todos os filiados benefici\u00e1rios da Geap, maior operadora de planos de sa\u00fade do funcionalismo. Entidades de classe conseguiram diminuir o aumento programado &#8220;Em mar\u00e7o de 2016, o Unacon Sindical ingressou com a\u00e7\u00e3o na Justi\u00e7a Federal contra o aumento abusivo de 37,55% nas mensalidades dos planos geridos pela Geap Autogest\u00e3o [&hellip;]<\/p>\n","protected":false},"author":27,"featured_media":0,"comment_status":"open","ping_status":"closed","sticky":false,"template":"","format":"standard","meta":{"footnotes":""},"categories":[2719],"tags":[3902,75,980,167,5632,76,1057,1053,297,2317,63,9777,440],"class_list":["post-11543","post","type-post","status-publish","format-standard","hentry","category-servidor","tag-associacoes","tag-aumento","tag-beneficiarios","tag-dados","tag-filiados","tag-geap","tag-mensalidades","tag-operadora","tag-percentual","tag-plano-de-saude","tag-reajuste","tag-servidores-federais","tag-sindicato"],"_links":{"self":[{"href":"https:\/\/blogs.correiobraziliense.com.br\/servidor\/wp-json\/wp\/v2\/posts\/11543","targetHints":{"allow":["GET"]}}],"collection":[{"href":"https:\/\/blogs.correiobraziliense.com.br\/servidor\/wp-json\/wp\/v2\/posts"}],"about":[{"href":"https:\/\/blogs.correiobraziliense.com.br\/servidor\/wp-json\/wp\/v2\/types\/post"}],"author":[{"embeddable":true,"href":"https:\/\/blogs.correiobraziliense.com.br\/servidor\/wp-json\/wp\/v2\/users\/27"}],"replies":[{"embeddable":true,"href":"https:\/\/blogs.correiobraziliense.com.br\/servidor\/wp-json\/wp\/v2\/comments?post=11543"}],"version-history":[{"count":1,"href":"https:\/\/blogs.correiobraziliense.com.br\/servidor\/wp-json\/wp\/v2\/posts\/11543\/revisions"}],"predecessor-version":[{"id":11544,"href":"https:\/\/blogs.correiobraziliense.com.br\/servidor\/wp-json\/wp\/v2\/posts\/11543\/revisions\/11544"}],"wp:attachment":[{"href":"https:\/\/blogs.correiobraziliense.com.br\/servidor\/wp-json\/wp\/v2\/media?parent=11543"}],"wp:term":[{"taxonomy":"category","embeddable":true,"href":"https:\/\/blogs.correiobraziliense.com.br\/servidor\/wp-json\/wp\/v2\/categories?post=11543"},{"taxonomy":"post_tag","embeddable":true,"href":"https:\/\/blogs.correiobraziliense.com.br\/servidor\/wp-json\/wp\/v2\/tags?post=11543"}],"curies":[{"name":"wp","href":"https:\/\/api.w.org\/{rel}","templated":true}]}}