{"id":11537,"date":"2019-01-17T12:15:11","date_gmt":"2019-01-17T14:15:11","guid":{"rendered":"https:\/\/blogs.correiobraziliense.com.br\/servidor\/?p=11537"},"modified":"2019-01-17T12:15:11","modified_gmt":"2019-01-17T14:15:11","slug":"pesquisa-xp-ipespe-bolsonaro-inicia-governo-com-aprovacao-de-40","status":"publish","type":"post","link":"https:\/\/blogs.correiobraziliense.com.br\/servidor\/pesquisa-xp-ipespe-bolsonaro-inicia-governo-com-aprovacao-de-40\/","title":{"rendered":"Pesquisa XP-Ipespe: Bolsonaro inicia governo com aprova\u00e7\u00e3o de 40%"},"content":{"rendered":"<p><em>A terceira pesquisa mensal da s\u00e9rie XP Ipespe mostra que, depois de uma semana de mandato, 40% da popula\u00e7\u00e3o avalia como \u00f3timo ou bom o governo Jair Bolsonaro. Outros 29% consideram o in\u00edcio da gest\u00e3o regular, e 20%, ruim ou p\u00e9ssimo. N\u00e3o souberam opinar ou n\u00e3o responderam 11%<\/em><\/p>\n<p>A expectativa para o restante do governo Bolsonaro \u00e9 ainda mais positiva. S\u00e3o 63% os que esperam que o novo presidente fa\u00e7a um mandato \u00f3timo ou bom, contra 59% em dezembro e 57% em novembro. O movimento da expectativa negativa \u00e9 oposto: 15% agora ante 20% em novembro.<\/p>\n<p>A quebra ocorrida entre a expectativa positiva e a aprova\u00e7\u00e3o do governo \u00e9 movimento comum que aconteceu tamb\u00e9m em outros mandatos presidenciais, segundo hist\u00f3rico de pesquisas p\u00fablicas dispon\u00edvel. Os 40% de aprova\u00e7\u00e3o inicial refor\u00e7am a exist\u00eancia de um per\u00edodo de lua de mel do novo presidente com a popula\u00e7\u00e3o.<\/p>\n<p>Para a maior parcela dos entrevistados (58%), Bolsonaro deveria eleger como primeiras medidas de governo as da \u00e1rea de seguran\u00e7a p\u00fablica. Na sequ\u00eancia v\u00eam as reformas econ\u00f4micas (33%) e por \u00faltimo as quest\u00f5es relativas a valores e costumes (5%).<\/p>\n<p>Assim como no Executivo, h\u00e1 uma altera\u00e7\u00e3o significativa na avalia\u00e7\u00e3o do novo Congresso Nacional, que toma posse em 1\u00ba de fevereiro com uma alta renova\u00e7\u00e3o nominal. A avalia\u00e7\u00e3o predominante ainda \u00e9 negativa \u2013 37% avaliam como ruim ou p\u00e9ssimo; 34% como regular; e 17% como \u00f3timo ou bom \u2013, mas \u00e9 latente o contraste com a pesquisa anterior, de dezembro, quando 63% viam o Legislativo de maneira negativa e 6%, de maneira positiva.<\/p>\n<p>Nesta pesquisa, os entrevistados foram convidados a dar notas a 11 personalidades pol\u00edticas. O ministro Sergio Moro (Justi\u00e7a) foi quem teve a melhor m\u00e9dia (7,3), a frente do presidente Jair Bolsonaro, que teve nota m\u00e9dia de 6,7. O presidente do Senado, Eun\u00edcio Oliveira, foi o mais mal avaliado (3,8).<\/p>\n<p>Questionados sobre quem seria o maior respons\u00e1vel pela situa\u00e7\u00e3o econ\u00f4mica atual, 34% apontam o governo Lula, 21% o governo Dilma, 16% o governo Temer, 11% fatores externos e 3% o governo Bolsonaro.<\/p>\n","protected":false},"excerpt":{"rendered":"<p>A terceira pesquisa mensal da s\u00e9rie XP Ipespe mostra que, depois de uma semana de mandato, 40% da popula\u00e7\u00e3o avalia como \u00f3timo ou bom o governo Jair Bolsonaro. Outros 29% consideram o in\u00edcio da gest\u00e3o regular, e 20%, ruim ou p\u00e9ssimo. N\u00e3o souberam opinar ou n\u00e3o responderam 11% A expectativa para o restante do governo Bolsonaro \u00e9 ainda mais positiva. [&hellip;]<\/p>\n","protected":false},"author":27,"featured_media":0,"comment_status":"open","ping_status":"closed","sticky":false,"template":"","format":"standard","meta":{"footnotes":""},"categories":[2719],"tags":[1497,6841,315,98,13649,2121,14335,2614,187,2617,545,81,2375,2616,14334],"class_list":["post-11537","post","type-post","status-publish","format-standard","hentry","category-servidor","tag-aprovacao","tag-expectativa","tag-gestao","tag-governo","tag-jair-bolsonaro","tag-lua-de-mel","tag-mandaos","tag-otimo","tag-pesquisa","tag-pessimo","tag-populacao","tag-presidente","tag-regular","tag-ruim","tag-xp-ipespe"],"_links":{"self":[{"href":"https:\/\/blogs.correiobraziliense.com.br\/servidor\/wp-json\/wp\/v2\/posts\/11537","targetHints":{"allow":["GET"]}}],"collection":[{"href":"https:\/\/blogs.correiobraziliense.com.br\/servidor\/wp-json\/wp\/v2\/posts"}],"about":[{"href":"https:\/\/blogs.correiobraziliense.com.br\/servidor\/wp-json\/wp\/v2\/types\/post"}],"author":[{"embeddable":true,"href":"https:\/\/blogs.correiobraziliense.com.br\/servidor\/wp-json\/wp\/v2\/users\/27"}],"replies":[{"embeddable":true,"href":"https:\/\/blogs.correiobraziliense.com.br\/servidor\/wp-json\/wp\/v2\/comments?post=11537"}],"version-history":[{"count":1,"href":"https:\/\/blogs.correiobraziliense.com.br\/servidor\/wp-json\/wp\/v2\/posts\/11537\/revisions"}],"predecessor-version":[{"id":11538,"href":"https:\/\/blogs.correiobraziliense.com.br\/servidor\/wp-json\/wp\/v2\/posts\/11537\/revisions\/11538"}],"wp:attachment":[{"href":"https:\/\/blogs.correiobraziliense.com.br\/servidor\/wp-json\/wp\/v2\/media?parent=11537"}],"wp:term":[{"taxonomy":"category","embeddable":true,"href":"https:\/\/blogs.correiobraziliense.com.br\/servidor\/wp-json\/wp\/v2\/categories?post=11537"},{"taxonomy":"post_tag","embeddable":true,"href":"https:\/\/blogs.correiobraziliense.com.br\/servidor\/wp-json\/wp\/v2\/tags?post=11537"}],"curies":[{"name":"wp","href":"https:\/\/api.w.org\/{rel}","templated":true}]}}