{"id":11523,"date":"2019-01-16T16:26:53","date_gmt":"2019-01-16T18:26:53","guid":{"rendered":"https:\/\/blogs.correiobraziliense.com.br\/servidor\/?p=11523"},"modified":"2019-01-16T16:26:53","modified_gmt":"2019-01-16T18:26:53","slug":"pis-pasep-nascidos-em-janeiro-e-fevereiro-recebem-abono-salarial-2017-a-partir-desta-quinta","status":"publish","type":"post","link":"https:\/\/blogs.correiobraziliense.com.br\/servidor\/pis-pasep-nascidos-em-janeiro-e-fevereiro-recebem-abono-salarial-2017-a-partir-desta-quinta\/","title":{"rendered":"PIS\/Pasep &#8211; Nascidos em janeiro e fevereiro recebem Abono Salarial 2017 a partir desta quinta"},"content":{"rendered":"<p><em>Ser\u00e3o beneficiados cerca de 3,4 milh\u00f5es de trabalhadores. Servidores p\u00fablicos com inscri\u00e7\u00e3o final 5 tamb\u00e9m recebem a partir desta data<\/em><\/p>\n<p>Come\u00e7a nesta quinta-feira (17) o pagamento do s\u00e9timo lote do abono salarial PIS\/Pasep 2018-2019, ano-base 2017, informou o Minist\u00e9rio da Economia. Podem receber o benef\u00edcio os trabalhadores da iniciativa privada nascidos em janeiro e fevereiro e os servidores p\u00fablicos com final de inscri\u00e7\u00e3o 5.<\/p>\n<p>A estimativa da Secretaria de Previd\u00eancia e Trabalho, do Minist\u00e9rio da Economia, \u00e9 que mais de R$ 2,8 bilh\u00f5es sejam pagos a aproximadamente 3,4 milh\u00f5es de trabalhadores.<\/p>\n<p>Trabalhadores da iniciativa privada devem procurar a Caixa Econ\u00f4mica Federal. A consulta pode ser feita pessoalmente, pela <a href=\"https:\/\/servicossociais.caixa.gov.br\/internet.do?segmento=CIDADAO01\">internet<\/a> ou pelo telefone 0800-726 02 07. Para servidores p\u00fablicos, a refer\u00eancia \u00e9 o Banco do Brasil, que tamb\u00e9m fornece informa\u00e7\u00f5es pessoalmente, pela <a href=\"https:\/\/www.bb.com.br\/pbb\/pagina-inicial\/setor-publico\/governo-federal\/gestao\/gestao-de-recursos\/pagamento-de-ordens-bancarias,-salarios-e-beneficios\/pasep\/aplicativo-bb-pasep#\/\">internet<\/a> ou pelo telefone 0800-729 00 01.<\/p>\n<p>Os correntistas da Caixa Econ\u00f4mica Federal, institui\u00e7\u00e3o banc\u00e1ria respons\u00e1vel pelo pagamento do PIS (iniciativa privada), tiveram os valores depositados em suas contas na ter\u00e7a-feira (15).<\/p>\n<p><strong><br \/>\nDireito<\/strong><\/p>\n<p>Tem direito ao abono salarial ano-base 2017 quem estava inscrito no PIS\/Pasep h\u00e1 pelo menos cinco anos, trabalhou formalmente por pelo menos 30 dias em 2017, teve remunera\u00e7\u00e3o mensal m\u00e9dia de at\u00e9 dois sal\u00e1rios m\u00ednimos e seus dados foram informados corretamente pelo empregador na Rela\u00e7\u00e3o Anual de Informa\u00e7\u00f5es Sociais (Rais).<\/p>\n<p>O valor do benef\u00edcio \u00e9 proporcional ao tempo trabalhado formalmente em 2017. Assim, quem esteve empregado o ano todo recebe o valor cheio, equivalente a um sal\u00e1rio m\u00ednimo (R$ 998). Quem trabalhou por apenas 30 dias recebe o valor m\u00ednimo, que \u00e9 de R$ 84 \u2013 ou 1\/12 do sal\u00e1rio m\u00ednimo \u2013, e assim sucessivamente.<\/p>\n<p>Para os trabalhadores nascidos entre julho e dezembro, o abono salarial ano-base 2017 come\u00e7ou a ser pago em 2018. Os nascidos de janeiro a junho realizam o saque em 2019 (<em>veja tabela abaixo<\/em>). O prazo final de recebimento para todos os trabalhadores favorecidos pelo programa \u00e9 28 de junho de 2019.<\/p>\n<p><img loading=\"lazy\" decoding=\"async\" class=\"size-full wp-image-11524 aligncenter\" src=\"https:\/\/blogs.correiobraziliense.com.br\/servidor\/wp-content\/uploads\/sites\/10\/2019\/01\/image0012.png\" alt=\"\" width=\"596\" height=\"670\" srcset=\"https:\/\/blogs.correiobraziliense.com.br\/servidor\/wp-content\/uploads\/sites\/10\/2019\/01\/image0012.png 596w, https:\/\/blogs.correiobraziliense.com.br\/servidor\/wp-content\/uploads\/sites\/10\/2019\/01\/image0012-267x300.png 267w, https:\/\/blogs.correiobraziliense.com.br\/servidor\/wp-content\/uploads\/sites\/10\/2019\/01\/image0012-311x350.png 311w, https:\/\/blogs.correiobraziliense.com.br\/servidor\/wp-content\/uploads\/sites\/10\/2019\/01\/image0012-550x618.png 550w, https:\/\/blogs.correiobraziliense.com.br\/servidor\/wp-content\/uploads\/sites\/10\/2019\/01\/image0012-230x259.png 230w\" sizes=\"auto, (max-width: 596px) 100vw, 596px\" \/><\/p>\n<p>&nbsp;<\/p>\n<p>&nbsp;<\/p>\n","protected":false},"excerpt":{"rendered":"<p>Ser\u00e3o beneficiados cerca de 3,4 milh\u00f5es de trabalhadores. Servidores p\u00fablicos com inscri\u00e7\u00e3o final 5 tamb\u00e9m recebem a partir desta data Come\u00e7a nesta quinta-feira (17) o pagamento do s\u00e9timo lote do abono salarial PIS\/Pasep 2018-2019, ano-base 2017, informou o Minist\u00e9rio da Economia. Podem receber o benef\u00edcio os trabalhadores da iniciativa privada nascidos em janeiro e fevereiro e os servidores p\u00fablicos com [&hellip;]<\/p>\n","protected":false},"author":27,"featured_media":0,"comment_status":"open","ping_status":"closed","sticky":false,"template":"","format":"standard","meta":{"footnotes":""},"categories":[2719],"tags":[5391,14329,701,4730,14328,9673,777,14327,5768,2190,58,354,1910],"class_list":["post-11523","post","type-post","status-publish","format-standard","hentry","category-servidor","tag-abono-salarial","tag-banco-di-brasil","tag-caixa-economica-federal","tag-fevereiro","tag-incricao","tag-iniciativa-privada","tag-janeiro","tag-ministerio-da-economia","tag-nascidos","tag-pispasep","tag-servidores","tag-tabela","tag-trabalhdores"],"_links":{"self":[{"href":"https:\/\/blogs.correiobraziliense.com.br\/servidor\/wp-json\/wp\/v2\/posts\/11523","targetHints":{"allow":["GET"]}}],"collection":[{"href":"https:\/\/blogs.correiobraziliense.com.br\/servidor\/wp-json\/wp\/v2\/posts"}],"about":[{"href":"https:\/\/blogs.correiobraziliense.com.br\/servidor\/wp-json\/wp\/v2\/types\/post"}],"author":[{"embeddable":true,"href":"https:\/\/blogs.correiobraziliense.com.br\/servidor\/wp-json\/wp\/v2\/users\/27"}],"replies":[{"embeddable":true,"href":"https:\/\/blogs.correiobraziliense.com.br\/servidor\/wp-json\/wp\/v2\/comments?post=11523"}],"version-history":[{"count":1,"href":"https:\/\/blogs.correiobraziliense.com.br\/servidor\/wp-json\/wp\/v2\/posts\/11523\/revisions"}],"predecessor-version":[{"id":11525,"href":"https:\/\/blogs.correiobraziliense.com.br\/servidor\/wp-json\/wp\/v2\/posts\/11523\/revisions\/11525"}],"wp:attachment":[{"href":"https:\/\/blogs.correiobraziliense.com.br\/servidor\/wp-json\/wp\/v2\/media?parent=11523"}],"wp:term":[{"taxonomy":"category","embeddable":true,"href":"https:\/\/blogs.correiobraziliense.com.br\/servidor\/wp-json\/wp\/v2\/categories?post=11523"},{"taxonomy":"post_tag","embeddable":true,"href":"https:\/\/blogs.correiobraziliense.com.br\/servidor\/wp-json\/wp\/v2\/tags?post=11523"}],"curies":[{"name":"wp","href":"https:\/\/api.w.org\/{rel}","templated":true}]}}