{"id":1151,"date":"2016-03-01T18:31:44","date_gmt":"2016-03-01T21:31:44","guid":{"rendered":"https:\/\/blogs.correiobraziliense.com.br\/servidor\/?p=1151"},"modified":"2016-03-01T18:31:44","modified_gmt":"2016-03-01T21:31:44","slug":"concursados-de-2014-fazem-protesto-amanha-em-frente-a-sede-da-caixa","status":"publish","type":"post","link":"https:\/\/blogs.correiobraziliense.com.br\/servidor\/concursados-de-2014-fazem-protesto-amanha-em-frente-a-sede-da-caixa\/","title":{"rendered":"CONCURSADOS DE 2014 FAZEM PROTESTO AMANH\u00c3 EM FRENTE \u00c0 SEDE DA CAIXA"},"content":{"rendered":"<p><em>O ato ser\u00e1 a partir das 14 horas, em Bras\u00edlia<\/em><\/p>\n<p>E<span style=\"color: black;font-family: Calibri;font-size: medium\">m 2014, a Caixa Econ\u00f4mica Federal abriu um dos maiores concursos p\u00fablicos do pa\u00eds. Teve o n\u00famero recorde de inscritos. Foram mais de 1,2 milh\u00e3o de pessoas e um total de 30 mil aprovados. Mas apenas apenas 2 mil foram chamados. O concurso est\u00e1 sendo investigado pelo Minist\u00e9rio P\u00fablico do Trabalho, em Bras\u00edlia, em uma a\u00e7\u00e3o civil p\u00fablica movida pelo procurador Eduardo Carlos Brisolla. Amanh\u00e3, a partir das 14 horas, a comiss\u00e3o de aprovados far\u00e1 uma manifesta\u00e7\u00e3o, contra o sucateamento do \u00f3rg\u00e3o.<\/span><\/p>\n<p><span style=\"color: black;font-family: Calibri;font-size: medium\">Segundo informa\u00e7\u00e3o dos concursados, em apenas um ano, a Caixa fez dois planos de aposentadoria: no primeiro, mais de 3,2 pessoas aderiram e, no segundo, a previs\u00e3o \u00e9 que um n\u00famero superior a 6 mil vistam o pijama. Com isso, temem que a presta\u00e7\u00e3o de servi\u00e7o \u00e0 sociedade fique prejudicada. A Caixa ter\u00e1 que tentar um acordo na Justi\u00e7a at\u00e9 12 de abril. Caso contr\u00e1rio, ficar\u00e1 obrigada a contratar os 30 mil aprovados.<br \/>\n<\/span><\/p>\n","protected":false},"excerpt":{"rendered":"<p>O ato ser\u00e1 a partir das 14 horas, em Bras\u00edlia Em 2014, a Caixa Econ\u00f4mica Federal abriu um dos maiores concursos p\u00fablicos do pa\u00eds. Teve o n\u00famero recorde de inscritos. Foram mais de 1,2 milh\u00e3o de pessoas e um total de 30 mil aprovados. Mas apenas apenas 2 mil foram chamados. O concurso est\u00e1 sendo investigado pelo Minist\u00e9rio P\u00fablico do [&hellip;]<\/p>\n","protected":false},"author":27,"featured_media":0,"comment_status":"open","ping_status":"closed","sticky":false,"template":"","format":"standard","meta":{"footnotes":""},"categories":[1],"tags":[1148,867,1149,1150,1147,93,1151,718,671],"class_list":["post-1151","post","type-post","status-publish","format-standard","hentry","category-sem-categoria","tag-1148","tag-brasilia","tag-caixa","tag-comissao","tag-concursados","tag-concurso","tag-manifestacao","tag-protesto","tag-sede"],"_links":{"self":[{"href":"https:\/\/blogs.correiobraziliense.com.br\/servidor\/wp-json\/wp\/v2\/posts\/1151","targetHints":{"allow":["GET"]}}],"collection":[{"href":"https:\/\/blogs.correiobraziliense.com.br\/servidor\/wp-json\/wp\/v2\/posts"}],"about":[{"href":"https:\/\/blogs.correiobraziliense.com.br\/servidor\/wp-json\/wp\/v2\/types\/post"}],"author":[{"embeddable":true,"href":"https:\/\/blogs.correiobraziliense.com.br\/servidor\/wp-json\/wp\/v2\/users\/27"}],"replies":[{"embeddable":true,"href":"https:\/\/blogs.correiobraziliense.com.br\/servidor\/wp-json\/wp\/v2\/comments?post=1151"}],"version-history":[{"count":1,"href":"https:\/\/blogs.correiobraziliense.com.br\/servidor\/wp-json\/wp\/v2\/posts\/1151\/revisions"}],"predecessor-version":[{"id":1152,"href":"https:\/\/blogs.correiobraziliense.com.br\/servidor\/wp-json\/wp\/v2\/posts\/1151\/revisions\/1152"}],"wp:attachment":[{"href":"https:\/\/blogs.correiobraziliense.com.br\/servidor\/wp-json\/wp\/v2\/media?parent=1151"}],"wp:term":[{"taxonomy":"category","embeddable":true,"href":"https:\/\/blogs.correiobraziliense.com.br\/servidor\/wp-json\/wp\/v2\/categories?post=1151"},{"taxonomy":"post_tag","embeddable":true,"href":"https:\/\/blogs.correiobraziliense.com.br\/servidor\/wp-json\/wp\/v2\/tags?post=1151"}],"curies":[{"name":"wp","href":"https:\/\/api.w.org\/{rel}","templated":true}]}}