{"id":11506,"date":"2019-01-15T16:21:04","date_gmt":"2019-01-15T18:21:04","guid":{"rendered":"https:\/\/blogs.correiobraziliense.com.br\/servidor\/?p=11506"},"modified":"2019-01-15T16:21:04","modified_gmt":"2019-01-15T18:21:04","slug":"geap-desenvolve-planejamento-estrategico-democratico-e-participativo","status":"publish","type":"post","link":"https:\/\/blogs.correiobraziliense.com.br\/servidor\/geap-desenvolve-planejamento-estrategico-democratico-e-participativo\/","title":{"rendered":"Geap desenvolve Planejamento Estrat\u00e9gico democr\u00e1tico e participativo"},"content":{"rendered":"<p><em>Por meio de nota, a Geap Sa\u00fade, maior operadora de planos de sa\u00fade do servidores p\u00fablicos, informa que est\u00e1 iniciando pr\u00e1ticas e metas de trabalho da empresa para o quinqu\u00eanio 2019-2023. O Planejamento Estrat\u00e9gico e Organizacional foi implantado e executado, ao longo do exerc\u00edcio de 2018, como uma importante ferramenta de gest\u00e3o, destaca a operadora. &#8220;Teve fase inicial com uma ampla coleta de informa\u00e7\u00f5es gerais sobre a autogest\u00e3o e o cen\u00e1rio da sa\u00fade suplementar. A contribui\u00e7\u00e3o de mais de 1.200 colaboradores, que atuam por todo o Brasil, permitiu o desenvolvimento do projeto pela equipe de planejamento da Operadora&#8221;, detalha<\/em><\/p>\n<p>Fases seguintes do planejamento se deram com reuni\u00f5es e encontros entre todas as equipes. Consolidando ideias e capacitando profissionais, esses momentos seguem no cronograma do projeto, ao longo de 2019. A partir deste ano, a gest\u00e3o da Geap trabalha pautada em pr\u00e1ticas e a\u00e7\u00f5es definidas pelo Planejamento Estrat\u00e9gico e Organizacional. \u201cTodas as atividades anteriores forneceram subs\u00eddios para as pr\u00f3ximas tomadas de decis\u00f5es dos gestores. Essa \u00e9 a Geap do futuro. N\u00f3s somos pioneiros nesse aspecto, somos protagonistas no mercado, somos grandes e queremos ser ainda maiores para os nossos benefici\u00e1rios\u201d, avalia o diretor-executivo, Leopoldo Jorge Alves Neto.<\/p>\n<p>Como resultados recentes deste per\u00edodo de planejamento, a Geap soma: o pr\u00eamio Melhores&amp;Maiores 2018, da Revista Exame; o pr\u00eamio Atendimento Ouro, do Hospital Santa Marta, em Bras\u00edlia (DF); o selo ISO 9001:2015 para o escopo \u201cTeleatendimento\u201d (a \u00fanica a conseguir o selo no Brasil); e a chegada \u00e0 \u201cfaixa 1\u201d do Programa de Monitoramento da Garantia de Atendimento. &#8220;\u00c9 a melhor classifica\u00e7\u00e3o entre as Operadoras avaliadas pela Ag\u00eancia Nacional de Sa\u00fade Suplementar (ANS)&#8221;, refor\u00e7a a nota.<\/p>\n","protected":false},"excerpt":{"rendered":"<p>Por meio de nota, a Geap Sa\u00fade, maior operadora de planos de sa\u00fade do servidores p\u00fablicos, informa que est\u00e1 iniciando pr\u00e1ticas e metas de trabalho da empresa para o quinqu\u00eanio 2019-2023. O Planejamento Estrat\u00e9gico e Organizacional foi implantado e executado, ao longo do exerc\u00edcio de 2018, como uma importante ferramenta de gest\u00e3o, destaca a operadora. &#8220;Teve fase inicial com uma [&hellip;]<\/p>\n","protected":false},"author":27,"featured_media":0,"comment_status":"open","ping_status":"closed","sticky":false,"template":"","format":"standard","meta":{"footnotes":""},"categories":[2719],"tags":[],"class_list":["post-11506","post","type-post","status-publish","format-standard","hentry","category-servidor"],"_links":{"self":[{"href":"https:\/\/blogs.correiobraziliense.com.br\/servidor\/wp-json\/wp\/v2\/posts\/11506","targetHints":{"allow":["GET"]}}],"collection":[{"href":"https:\/\/blogs.correiobraziliense.com.br\/servidor\/wp-json\/wp\/v2\/posts"}],"about":[{"href":"https:\/\/blogs.correiobraziliense.com.br\/servidor\/wp-json\/wp\/v2\/types\/post"}],"author":[{"embeddable":true,"href":"https:\/\/blogs.correiobraziliense.com.br\/servidor\/wp-json\/wp\/v2\/users\/27"}],"replies":[{"embeddable":true,"href":"https:\/\/blogs.correiobraziliense.com.br\/servidor\/wp-json\/wp\/v2\/comments?post=11506"}],"version-history":[{"count":2,"href":"https:\/\/blogs.correiobraziliense.com.br\/servidor\/wp-json\/wp\/v2\/posts\/11506\/revisions"}],"predecessor-version":[{"id":11508,"href":"https:\/\/blogs.correiobraziliense.com.br\/servidor\/wp-json\/wp\/v2\/posts\/11506\/revisions\/11508"}],"wp:attachment":[{"href":"https:\/\/blogs.correiobraziliense.com.br\/servidor\/wp-json\/wp\/v2\/media?parent=11506"}],"wp:term":[{"taxonomy":"category","embeddable":true,"href":"https:\/\/blogs.correiobraziliense.com.br\/servidor\/wp-json\/wp\/v2\/categories?post=11506"},{"taxonomy":"post_tag","embeddable":true,"href":"https:\/\/blogs.correiobraziliense.com.br\/servidor\/wp-json\/wp\/v2\/tags?post=11506"}],"curies":[{"name":"wp","href":"https:\/\/api.w.org\/{rel}","templated":true}]}}