{"id":11498,"date":"2019-01-15T12:39:19","date_gmt":"2019-01-15T14:39:19","guid":{"rendered":"https:\/\/blogs.correiobraziliense.com.br\/servidor\/?p=11498"},"modified":"2019-01-15T12:39:19","modified_gmt":"2019-01-15T14:39:19","slug":"auxilio-moradia-stj-regulamenta-beneficio","status":"publish","type":"post","link":"https:\/\/blogs.correiobraziliense.com.br\/servidor\/auxilio-moradia-stj-regulamenta-beneficio\/","title":{"rendered":"Aux\u00edlio-moradia &#8211; STJ regulamenta benef\u00edcio"},"content":{"rendered":"<p><em>O magistrado somente poder\u00e1 receber o aux\u00edlio se n\u00e3o tiver im\u00f3vel pr\u00f3prio ou funcional onde mora<\/em><\/p>\n<p>A determina\u00e7\u00e3o foi publicada hoje no Di\u00e1rio Oficial da Uni\u00e3o )DOU), assinada pelo presidente do Superior Tribunal de Justi\u00e7a (STJ), ministro Jo\u00e3o Ot\u00e1vio de Noronha, que tamb\u00e9m preside o Conselho Nacional da Justi\u00e7a Federal. Ele reformou decis\u00e3o anterior do Conselho Nacional de Justi\u00e7a de dezembro do ano passado.<\/p>\n<p>Na semana passada, Noronha j\u00e1 havia publicado resolu\u00e7\u00e3o que regulamentava o pagamento do benef\u00edcio a ministros do STJ, desta vez com a previs\u00e3o de que o magistrado somente poder\u00e1 receber o aux\u00edlio se n\u00e3o tiver im\u00f3vel pr\u00f3prio ou funcional no Distrito Federal, onde fica a sede do tribunal.<\/p>\n<p>Em sua \u00faltima sess\u00e3o do ano passado, o Conselho Nacional de Justi\u00e7a (CNJ) aprovou por unanimidade, numa vota\u00e7\u00e3o de poucos segundos, uma nova resolu\u00e7\u00e3o para o pagamento de aux\u00edlio-moradia aos magistrados brasileiros, no valor m\u00e1ximo de R$ 4.377,73.<\/p>\n<p>A resolu\u00e7\u00e3o do CNJ, publicada em 18 de dezembro, prev\u00ea ao menos cinco crit\u00e9rios que devem ser atendidos para que o magistrado, seja no \u00e2mbito federal ou estadual, possa ter direito ao aux\u00edlio-moradia. Segundo estimativa preliminar do CNJ, aproximadamente 180 ju\u00edzes estariam inclu\u00eddos em tais crit\u00e9rios, cerca de 1% da magistratura.<\/p>\n<p>Est\u00e3o entre os crit\u00e9rios que n\u00e3o haja im\u00f3vel funcional dispon\u00edvel ao magistrado; que c\u00f4njuge ou qualquer pessoa que resida com o magistrado n\u00e3o ocupe im\u00f3vel funcional; que o magistrado ou c\u00f4njuge n\u00e3o tenha im\u00f3vel pr\u00f3prio na comarca em que v\u00e1 atuar; que o magistrado esteja exercendo suas fun\u00e7\u00f5es em comarca diversa do que a sua original; que o dinheiro seja gasto exclusivamente com moradia.<\/p>\n<p>Ap\u00f3s a publica\u00e7\u00e3o da resolu\u00e7\u00e3o pelo CNJ, ficou a cargo de todos os \u00f3rg\u00e3os subordinados da Justi\u00e7a regulamentarem o pagamento do benef\u00edcio dentro dos moldes estabelecidos pelo conselho.<br \/>\nAt\u00e9 novembro do ano passado, o aux\u00edlio-moradia era pago a todos os magistrados, indiscriminadamente, por for\u00e7a de uma liminar concedida em 2014 pelo ministro Luiz Fux, do Supremo Tribunal Federal (STF). O pr\u00f3prio ministro revogou a decis\u00e3o ap\u00f3s o ent\u00e3o presidente Michel Temer ter sancionado lei que resultou num reajuste.<\/p>\n<p><em>Fonte: Com dados da EBC<\/em><\/p>\n","protected":false},"excerpt":{"rendered":"<p>O magistrado somente poder\u00e1 receber o aux\u00edlio se n\u00e3o tiver im\u00f3vel pr\u00f3prio ou funcional onde mora A determina\u00e7\u00e3o foi publicada hoje no Di\u00e1rio Oficial da Uni\u00e3o )DOU), assinada pelo presidente do Superior Tribunal de Justi\u00e7a (STJ), ministro Jo\u00e3o Ot\u00e1vio de Noronha, que tamb\u00e9m preside o Conselho Nacional da Justi\u00e7a Federal. Ele reformou decis\u00e3o anterior do Conselho Nacional de Justi\u00e7a de [&hellip;]<\/p>\n","protected":false},"author":27,"featured_media":0,"comment_status":"open","ping_status":"closed","sticky":false,"template":"","format":"standard","meta":{"footnotes":""},"categories":[2719],"tags":[343,254,1769,2301,34,1040],"class_list":["post-11498","post","type-post","status-publish","format-standard","hentry","category-servidor","tag-auxilio-moradia","tag-cnj","tag-dou","tag-regulamenta","tag-stf","tag-stj"],"_links":{"self":[{"href":"https:\/\/blogs.correiobraziliense.com.br\/servidor\/wp-json\/wp\/v2\/posts\/11498","targetHints":{"allow":["GET"]}}],"collection":[{"href":"https:\/\/blogs.correiobraziliense.com.br\/servidor\/wp-json\/wp\/v2\/posts"}],"about":[{"href":"https:\/\/blogs.correiobraziliense.com.br\/servidor\/wp-json\/wp\/v2\/types\/post"}],"author":[{"embeddable":true,"href":"https:\/\/blogs.correiobraziliense.com.br\/servidor\/wp-json\/wp\/v2\/users\/27"}],"replies":[{"embeddable":true,"href":"https:\/\/blogs.correiobraziliense.com.br\/servidor\/wp-json\/wp\/v2\/comments?post=11498"}],"version-history":[{"count":1,"href":"https:\/\/blogs.correiobraziliense.com.br\/servidor\/wp-json\/wp\/v2\/posts\/11498\/revisions"}],"predecessor-version":[{"id":11499,"href":"https:\/\/blogs.correiobraziliense.com.br\/servidor\/wp-json\/wp\/v2\/posts\/11498\/revisions\/11499"}],"wp:attachment":[{"href":"https:\/\/blogs.correiobraziliense.com.br\/servidor\/wp-json\/wp\/v2\/media?parent=11498"}],"wp:term":[{"taxonomy":"category","embeddable":true,"href":"https:\/\/blogs.correiobraziliense.com.br\/servidor\/wp-json\/wp\/v2\/categories?post=11498"},{"taxonomy":"post_tag","embeddable":true,"href":"https:\/\/blogs.correiobraziliense.com.br\/servidor\/wp-json\/wp\/v2\/tags?post=11498"}],"curies":[{"name":"wp","href":"https:\/\/api.w.org\/{rel}","templated":true}]}}