{"id":11486,"date":"2019-01-13T08:53:38","date_gmt":"2019-01-13T10:53:38","guid":{"rendered":"https:\/\/blogs.correiobraziliense.com.br\/servidor\/?p=11486"},"modified":"2019-01-12T18:54:21","modified_gmt":"2019-01-12T20:54:21","slug":"pescadores-da-tragedia-em-mariana-mg-protestam-contra-atuacao-da-fundacao-renova-e-decisao-judicial-que-reve-1-500-acordos","status":"publish","type":"post","link":"https:\/\/blogs.correiobraziliense.com.br\/servidor\/pescadores-da-tragedia-em-mariana-mg-protestam-contra-atuacao-da-fundacao-renova-e-decisao-judicial-que-reve-1-500-acordos\/","title":{"rendered":"Pescadores da trag\u00e9dia em Mariana\/MG protestam contra atua\u00e7\u00e3o da Funda\u00e7\u00e3o Renova e decis\u00e3o judicial que rev\u00ea 1.500 acordos"},"content":{"rendered":"<p><em>V\u00edtimas de MG e ES reivindicam cumprimento dos acordos. Cerca de 2 mil pescadores v\u00edtimas da trag\u00e9dia em Mariana\/MG se reunir\u00e3o para protestos na pr\u00f3xima segunda-feira, dia 14, por volta de 7h da manh\u00e3, no Baixo Guandu e em Colatina, no Esp\u00edrito Santo.\u00a0O grupo vai pernoitar no local, \u00e0 beira do Rio Doce, para chamar a aten\u00e7\u00e3o da Samarco, autoridades e sociedade para a atua\u00e7\u00e3o da Funda\u00e7\u00e3o Renova.<\/em><\/p>\n<p>O motivo da mobiliza\u00e7\u00e3o \u00e9 dar uma resposta a recente altera\u00e7\u00e3o de cerca de pelo menos 1.500 acordos firmados entre Samarco e pescadores a partir de janeiro de 2018. Uma dessas compensa\u00e7\u00f5es se referia ao aux\u00edlio financeiro \u2013 esp\u00e9cie de pagamento mensal a cada fam\u00edlia pela perda em suas atividades econ\u00f4micas \u2013 que agora vai ser descontado das indeniza\u00e7\u00f5es, contrariando o que fora acordado e assinado ao longo de 2018.<\/p>\n<p>O advogado Leonardo Amarante, representante das Col\u00f4nias e da Federa\u00e7\u00e3o, que re\u00fanem cerca de 9 mil pescadores afetados no Esp\u00edrito Santo e em Minas Gerais, acredita que a mudan\u00e7a n\u00e3o impactar\u00e1 somente os pescadores que j\u00e1 tinham firmado acordo, mas tamb\u00e9m todos que ainda iam come\u00e7ar a negociar. \u201cEssa liminar foi dada sem ouvir nenhum dos impactados ou suas entidades representativas e, se mantida, esvaziar\u00e1 e modificar\u00e1, de forma absurda, os acordos j\u00e1 realizados. A forma como a Samarco est\u00e1 conduzindo esta situa\u00e7\u00e3o viola os princ\u00edpios de boa f\u00e9 e proibi\u00e7\u00e3o do comportamento contradit\u00f3rio\u201d, destacou\u00a0 Amarante, sinalizando que certamente haver\u00e1 recurso.<\/p>\n<p>&nbsp;<\/p>\n","protected":false},"excerpt":{"rendered":"<p>V\u00edtimas de MG e ES reivindicam cumprimento dos acordos. Cerca de 2 mil pescadores v\u00edtimas da trag\u00e9dia em Mariana\/MG se reunir\u00e3o para protestos na pr\u00f3xima segunda-feira, dia 14, por volta de 7h da manh\u00e3, no Baixo Guandu e em Colatina, no Esp\u00edrito Santo.\u00a0O grupo vai pernoitar no local, \u00e0 beira do Rio Doce, para chamar a aten\u00e7\u00e3o da Samarco, autoridades [&hellip;]<\/p>\n","protected":false},"author":27,"featured_media":0,"comment_status":"open","ping_status":"closed","sticky":false,"template":"","format":"standard","meta":{"footnotes":""},"categories":[2719],"tags":[2047,1935,3742,14311,3737,7562,7269,14310,9899,718,2135,2269,351,11373,5510],"class_list":["post-11486","post","type-post","status-publish","format-standard","hentry","category-servidor","tag-acordos","tag-autoridades","tag-compensacoes","tag-decisao-judicial","tag-descontado","tag-fundacao-renova","tag-indenizacoes","tag-mariana-mg","tag-pescadores","tag-protesto","tag-revisao","tag-samarco","tag-sociedade","tag-tragedia","tag-vitimas"],"_links":{"self":[{"href":"https:\/\/blogs.correiobraziliense.com.br\/servidor\/wp-json\/wp\/v2\/posts\/11486","targetHints":{"allow":["GET"]}}],"collection":[{"href":"https:\/\/blogs.correiobraziliense.com.br\/servidor\/wp-json\/wp\/v2\/posts"}],"about":[{"href":"https:\/\/blogs.correiobraziliense.com.br\/servidor\/wp-json\/wp\/v2\/types\/post"}],"author":[{"embeddable":true,"href":"https:\/\/blogs.correiobraziliense.com.br\/servidor\/wp-json\/wp\/v2\/users\/27"}],"replies":[{"embeddable":true,"href":"https:\/\/blogs.correiobraziliense.com.br\/servidor\/wp-json\/wp\/v2\/comments?post=11486"}],"version-history":[{"count":1,"href":"https:\/\/blogs.correiobraziliense.com.br\/servidor\/wp-json\/wp\/v2\/posts\/11486\/revisions"}],"predecessor-version":[{"id":11487,"href":"https:\/\/blogs.correiobraziliense.com.br\/servidor\/wp-json\/wp\/v2\/posts\/11486\/revisions\/11487"}],"wp:attachment":[{"href":"https:\/\/blogs.correiobraziliense.com.br\/servidor\/wp-json\/wp\/v2\/media?parent=11486"}],"wp:term":[{"taxonomy":"category","embeddable":true,"href":"https:\/\/blogs.correiobraziliense.com.br\/servidor\/wp-json\/wp\/v2\/categories?post=11486"},{"taxonomy":"post_tag","embeddable":true,"href":"https:\/\/blogs.correiobraziliense.com.br\/servidor\/wp-json\/wp\/v2\/tags?post=11486"}],"curies":[{"name":"wp","href":"https:\/\/api.w.org\/{rel}","templated":true}]}}