{"id":11484,"date":"2019-01-12T18:38:31","date_gmt":"2019-01-12T20:38:31","guid":{"rendered":"https:\/\/blogs.correiobraziliense.com.br\/servidor\/?p=11484"},"modified":"2019-01-12T18:38:31","modified_gmt":"2019-01-12T20:38:31","slug":"impostometro-acsp-primeira-marca-do-ano-de-r-100-bilhoes-sera-atingida-neste-domingo","status":"publish","type":"post","link":"https:\/\/blogs.correiobraziliense.com.br\/servidor\/impostometro-acsp-primeira-marca-do-ano-de-r-100-bilhoes-sera-atingida-neste-domingo\/","title":{"rendered":"Impost\u00f4metro ACSP: primeira marca do ano, de R$ 100 bilh\u00f5es, ser\u00e1 atingida neste domingo"},"content":{"rendered":"<p><em>A primeira marca significativa do Impost\u00f4metro no ano de 2019, de R$ 100 bilh\u00f5es, ser\u00e1 registrada \u00e0 0h10 deste domingo (13\/1), de acordo com a Associa\u00e7\u00e3o Comercial de S\u00e3o Paulo (ACSP), que criou um painel para divulgar o valor pago pela popula\u00e7\u00e3o brasileira desde o primeiro dia de cada ano. Engloba impostos, taxas, multas e contribui\u00e7\u00f5es. Em 2018, o valor de R$ 100 bilh\u00f5es tamb\u00e9m foi cravado no dia 13 de janeiro<\/em><\/p>\n<p>\u201cA arrecada\u00e7\u00e3o j\u00e1 chegou a tudo isso e o painel deve girar mais rapidamente do que no ano passado, em decorr\u00eancia da recupera\u00e7\u00e3o econ\u00f4mica, visto que o PIB est\u00e1 projetado para subir 2,5% em 2019\u201d, diz Em\u00edlio Alfieri, economista da ACSP. O Impost\u00f4metro fechou o ano de 2018 em R$ 2,388 trilh\u00f5es.<\/p>\n<p>Para Alfieri, \u201cos gastos crescentes com a Previd\u00eancia t\u00eam abocanhado o dinheiro dos impostos, que poderia ser destinado a \u00e1reas essenciais como sa\u00fade, seguran\u00e7a e educa\u00e7\u00e3o\u201d. O economista avalia que, sem recursos para gastar nessas \u00e1reas priorit\u00e1rias, os governos s\u00e3o tentados a impor aumentos tribut\u00e1rios. \u201cPor isso, fazer a reforma da Previd\u00eancia e sanar as contas p\u00fablicas \u00e9 imprescind\u00edvel\u201d, refor\u00e7ou.<\/p>\n<p>O Impost\u00f4metro foi implantado em 2005 pela ACSP para conscientizar os brasileiros sobre a alta carga tribut\u00e1ria e incentiv\u00e1-los a cobrar os governos por servi\u00e7os p\u00fablicos de mais qualidade. Est\u00e1 localizado na sede da ACSP, na Rua Boa Vista, centro da capital paulista. Outros munic\u00edpios e capitais se espelharam na iniciativa e instalaram seus pain\u00e9is. No portal www.impostometro.com.br \u00e9 poss\u00edvel visualizar valores arrecadados por per\u00edodo, estado, munic\u00edpio e categoria.<\/p>\n","protected":false},"excerpt":{"rendered":"<p>A primeira marca significativa do Impost\u00f4metro no ano de 2019, de R$ 100 bilh\u00f5es, ser\u00e1 registrada \u00e0 0h10 deste domingo (13\/1), de acordo com a Associa\u00e7\u00e3o Comercial de S\u00e3o Paulo (ACSP), que criou um painel para divulgar o valor pago pela popula\u00e7\u00e3o brasileira desde o primeiro dia de cada ano. Engloba impostos, taxas, multas e contribui\u00e7\u00f5es. Em 2018, o valor [&hellip;]<\/p>\n","protected":false},"author":27,"featured_media":0,"comment_status":"open","ping_status":"closed","sticky":false,"template":"","format":"standard","meta":{"footnotes":""},"categories":[2719],"tags":[14309,3977,960,2278,2488,374,3969,48,6220,2770,292,1496,545,549,711,616,208,3025,774],"class_list":["post-11484","post","type-post","status-publish","format-standard","hentry","category-servidor","tag-acsp","tag-aumentos","tag-bilhoes","tag-contas","tag-contribuicoes","tag-dinheiro","tag-domingo","tag-educacao","tag-impostometro","tag-impostos","tag-marca","tag-multas","tag-populacao","tag-previdencia","tag-reforma","tag-saude","tag-seguranca","tag-taxas","tag-valor"],"_links":{"self":[{"href":"https:\/\/blogs.correiobraziliense.com.br\/servidor\/wp-json\/wp\/v2\/posts\/11484","targetHints":{"allow":["GET"]}}],"collection":[{"href":"https:\/\/blogs.correiobraziliense.com.br\/servidor\/wp-json\/wp\/v2\/posts"}],"about":[{"href":"https:\/\/blogs.correiobraziliense.com.br\/servidor\/wp-json\/wp\/v2\/types\/post"}],"author":[{"embeddable":true,"href":"https:\/\/blogs.correiobraziliense.com.br\/servidor\/wp-json\/wp\/v2\/users\/27"}],"replies":[{"embeddable":true,"href":"https:\/\/blogs.correiobraziliense.com.br\/servidor\/wp-json\/wp\/v2\/comments?post=11484"}],"version-history":[{"count":1,"href":"https:\/\/blogs.correiobraziliense.com.br\/servidor\/wp-json\/wp\/v2\/posts\/11484\/revisions"}],"predecessor-version":[{"id":11485,"href":"https:\/\/blogs.correiobraziliense.com.br\/servidor\/wp-json\/wp\/v2\/posts\/11484\/revisions\/11485"}],"wp:attachment":[{"href":"https:\/\/blogs.correiobraziliense.com.br\/servidor\/wp-json\/wp\/v2\/media?parent=11484"}],"wp:term":[{"taxonomy":"category","embeddable":true,"href":"https:\/\/blogs.correiobraziliense.com.br\/servidor\/wp-json\/wp\/v2\/categories?post=11484"},{"taxonomy":"post_tag","embeddable":true,"href":"https:\/\/blogs.correiobraziliense.com.br\/servidor\/wp-json\/wp\/v2\/tags?post=11484"}],"curies":[{"name":"wp","href":"https:\/\/api.w.org\/{rel}","templated":true}]}}