{"id":11482,"date":"2019-01-12T18:30:56","date_gmt":"2019-01-12T20:30:56","guid":{"rendered":"https:\/\/blogs.correiobraziliense.com.br\/servidor\/?p=11482"},"modified":"2019-01-12T18:30:56","modified_gmt":"2019-01-12T20:30:56","slug":"dolly-quer-indenizacao-de-procuradores-por-ma-fe-em-investigacoes","status":"publish","type":"post","link":"https:\/\/blogs.correiobraziliense.com.br\/servidor\/dolly-quer-indenizacao-de-procuradores-por-ma-fe-em-investigacoes\/","title":{"rendered":"Dolly quer indeniza\u00e7\u00e3o de procuradores por m\u00e1-f\u00e9 em investiga\u00e7\u00f5es"},"content":{"rendered":"<p><em>Empres\u00e1rio Laerte Codonho acusa na Justi\u00e7a membros da PGFN e PGE de atuarem indevidamente para tirar a marca do mercado<\/em><\/p>\n<p>O empres\u00e1rio Laerte Codonho, dono da marca de refrigerantes Dolly, ingressou com duas a\u00e7\u00f5es judiciais contra procuradores da Fazenda Nacional e do Estado de S\u00e3o Paulo que usaram falsas informa\u00e7\u00f5es para lev\u00e1-lo \u00e0 pris\u00e3o e cobrar d\u00e9bitos tribut\u00e1rios inexistentes. Nos processos, Codonho pede indeniza\u00e7\u00f5es de R$ 2,1 milh\u00f5es contra os membros da PGFN e da Procuradoria Geral do Estado (PGE) de S\u00e3o Paulo por agirem com \u201cm\u00e1-f\u00e9\u201d e em desacordo com suas fun\u00e7\u00f5es p\u00fablicas.<\/p>\n<p>As atua\u00e7\u00f5es dos oito procuradores estaduais e quatro federais processados levaram a Dolly \u00e0 recupera\u00e7\u00e3o judicial e contribu\u00edram com a indevida pris\u00e3o de Codonho, em 10 de maio de 2018. \u201cUsaram perante a justi\u00e7a uma informa\u00e7\u00e3o errada, de m\u00e1-f\u00e9, para que minha pris\u00e3o fosse decretada e a Dolly quebrasse\u201d, diz o empres\u00e1rio, que ingressou com as a\u00e7\u00f5es (uma na Justi\u00e7a Federal em Bras\u00edlia e outra no judici\u00e1rio paulista) no final de dezembro. \u201cEu estou com a verdade e sei que vou ganhar.\u201d<\/p>\n<p>Para instruir procedimentos judiciais e criminais contra Codonho, os procuradores sustentaram que uma empresa teria sido aberta no exterior por Codonho para ocultar movimenta\u00e7\u00f5es patrimoniais. No entanto, a empresa Lumia Capital Industries LLC nunca pertenceu ao empres\u00e1rio. O erro, depois admitido pelas procuradorias, foi utilizado como justificativa para o bloqueio das contas da Dolly, o que levou \u00e0 demiss\u00e3o de 850 trabalhadores.<\/p>\n<p>Protocoladas no final de dezembro na Justi\u00e7a Federal em Bras\u00edlia e na justi\u00e7a estadual, em S\u00e3o Paulo, as a\u00e7\u00f5es fazem parte de uma batalha que Codonho vem travando contra cobran\u00e7a tribut\u00e1ria bilion\u00e1ria que diz indevida. \u201cEu tenho cr\u00e9ditos a receber, na verdade\u201d. Nas a\u00e7\u00f5es, Codonho tamb\u00e9m re\u00fane ind\u00edcios de que os procuradores tenham agido em favor de concorrentes multinacionais (Ambev e Coca-Cola) interessados em prejudicar a Dolly.<\/p>\n","protected":false},"excerpt":{"rendered":"<p>Empres\u00e1rio Laerte Codonho acusa na Justi\u00e7a membros da PGFN e PGE de atuarem indevidamente para tirar a marca do mercado O empres\u00e1rio Laerte Codonho, dono da marca de refrigerantes Dolly, ingressou com duas a\u00e7\u00f5es judiciais contra procuradores da Fazenda Nacional e do Estado de S\u00e3o Paulo que usaram falsas informa\u00e7\u00f5es para lev\u00e1-lo \u00e0 pris\u00e3o e cobrar d\u00e9bitos tribut\u00e1rios inexistentes. Nos [&hellip;]<\/p>\n","protected":false},"author":27,"featured_media":0,"comment_status":"open","ping_status":"closed","sticky":false,"template":"","format":"standard","meta":{"footnotes":""},"categories":[2719],"tags":[14307,2886,867,10294,2278,1017,14306,2043,14308,2725,1037,1456,64,2236,1787,292,489,12509,1510,11380,284,1235],"class_list":["post-11482","post","type-post","status-publish","format-standard","hentry","category-servidor","tag-acoes-judiciais","tag-bloqueio","tag-brasilia","tag-concorrentes","tag-contas","tag-demissao","tag-dolly","tag-empresario","tag-emrpresa","tag-erros","tag-indenizacao","tag-investigacoes","tag-judiciario","tag-justica-federal","tag-ma-fe","tag-marca","tag-mercado","tag-multinacionais","tag-paulista","tag-pge","tag-pgfn","tag-procuradores"],"_links":{"self":[{"href":"https:\/\/blogs.correiobraziliense.com.br\/servidor\/wp-json\/wp\/v2\/posts\/11482","targetHints":{"allow":["GET"]}}],"collection":[{"href":"https:\/\/blogs.correiobraziliense.com.br\/servidor\/wp-json\/wp\/v2\/posts"}],"about":[{"href":"https:\/\/blogs.correiobraziliense.com.br\/servidor\/wp-json\/wp\/v2\/types\/post"}],"author":[{"embeddable":true,"href":"https:\/\/blogs.correiobraziliense.com.br\/servidor\/wp-json\/wp\/v2\/users\/27"}],"replies":[{"embeddable":true,"href":"https:\/\/blogs.correiobraziliense.com.br\/servidor\/wp-json\/wp\/v2\/comments?post=11482"}],"version-history":[{"count":1,"href":"https:\/\/blogs.correiobraziliense.com.br\/servidor\/wp-json\/wp\/v2\/posts\/11482\/revisions"}],"predecessor-version":[{"id":11483,"href":"https:\/\/blogs.correiobraziliense.com.br\/servidor\/wp-json\/wp\/v2\/posts\/11482\/revisions\/11483"}],"wp:attachment":[{"href":"https:\/\/blogs.correiobraziliense.com.br\/servidor\/wp-json\/wp\/v2\/media?parent=11482"}],"wp:term":[{"taxonomy":"category","embeddable":true,"href":"https:\/\/blogs.correiobraziliense.com.br\/servidor\/wp-json\/wp\/v2\/categories?post=11482"},{"taxonomy":"post_tag","embeddable":true,"href":"https:\/\/blogs.correiobraziliense.com.br\/servidor\/wp-json\/wp\/v2\/tags?post=11482"}],"curies":[{"name":"wp","href":"https:\/\/api.w.org\/{rel}","templated":true}]}}