{"id":11434,"date":"2019-01-09T12:43:35","date_gmt":"2019-01-09T14:43:35","guid":{"rendered":"https:\/\/blogs.correiobraziliense.com.br\/servidor\/?p=11434"},"modified":"2019-01-09T12:43:35","modified_gmt":"2019-01-09T14:43:35","slug":"anamatra-quer-alteracao-de-recomendacoes-do-cnj-que-vedam-participacao-de-juizes-em-conselhos","status":"publish","type":"post","link":"https:\/\/blogs.correiobraziliense.com.br\/servidor\/anamatra-quer-alteracao-de-recomendacoes-do-cnj-que-vedam-participacao-de-juizes-em-conselhos\/","title":{"rendered":"Anamatra quer altera\u00e7\u00e3o de recomenda\u00e7\u00f5es do CNJ que vedam participa\u00e7\u00e3o de ju\u00edzes em  conselhos"},"content":{"rendered":"<p><em>O presidente da Anamatra, Guilherme Feliciano, e a vice-presidente da entidade, Noemia Porto, foram recebidos, na tarde de ontem (8\/1), no Superior Tribunal de Justi\u00e7a (STJ), pelo juiz Daniel Carnio Costa, auxiliar do ministro Humberto Costa, para uma conversa sobre as Recomenda\u00e7\u00f5es n\u00bas 29\/2018 e 35\/2019 do Conselho\u00a0 Nacional de Justi\u00e7a (CNJ).<\/em><\/p>\n<p>Segundo Feliciano, caso n\u00e3o haja avan\u00e7os no atual texto das recomenda\u00e7\u00f5es, a Anamatra dever\u00e1 impugnar formalmente os atos. A Recomenda\u00e7\u00e3o n\u00ba 29\/2018 pro\u00edbe todos os magistrados brasileiros, exceto aos ministros do STF, o exerc\u00edcio de fun\u00e7\u00f5es, ainda que de car\u00e1ter honor\u00edfico e sem remunera\u00e7\u00e3o, em quaisquer \u00f3rg\u00e3os ligados \u00e0s federa\u00e7\u00f5es, confedera\u00e7\u00f5es ou outras entidades desportivas, inclusive a Conmebol, sob pena de viola\u00e7\u00e3o dos deveres funcionais. J\u00e1 a Recomenda\u00e7\u00e3o n\u00ba 35\/2019 veda a participa\u00e7\u00e3o em conselhos, comit\u00eas, comiss\u00f5es ou assemelhados, de natureza pol\u00edtica ou de gest\u00e3o administrativa de servi\u00e7os vinculados a Poder ou \u00f3rg\u00e3os estranhos ao Poder Judici\u00e1rio, inclusive em Conselhos de Seguran\u00e7a P\u00fablica.<\/p>\n<p>Na audi\u00eancia, os magistrados apresentaram as pondera\u00e7\u00f5es da entidade acerca das limita\u00e7\u00f5es desproporcionais que as recomenda\u00e7\u00f5es criam para os ju\u00edzes do Trabalho &#8211; notadamente em rela\u00e7\u00e3o \u00e0<br \/>\nparticipa\u00e7\u00e3o em conselhos t\u00e9cnicos para os quais o conhecimento te\u00f3rico e pr\u00e1tico dos ju\u00edzes laborais \u00e9 fundamental, como, por exemplo, a Comiss\u00e3o Permanente dos Direitos ao Trabalho, \u00e0 Educa\u00e7\u00e3o e \u00e0 Seguridade Social do Conselho Nacional de Direitos Humanos, que tem a Anamatra como membro. As pondera\u00e7\u00f5es ser\u00e3o tamb\u00e9m levadas ao corregedor nacional de Justi\u00e7a, ministro Humberto Martins, autor das recomenda\u00e7\u00f5es.<br \/>\n\u201c<\/p>\n<p>\u00c9 importante que as atua\u00e7\u00f5es do CNJ, destinadas a corrigir desvios concretos verificados pontualmente, sejam praticadas com a correspondente concretude e objetividade, e n\u00e3o por meio de atos normativos gerais, que terminam por restringir os espa\u00e7os de cidadania nos quais os magistrados podem se mover sem qualquer restri\u00e7\u00e3o constitucional\u201d, pontua o presidente da Anamatra. Segundo Feliciano, al\u00e9m de uma poss\u00edvel impugna\u00e7\u00e3o formal dos atos, a entidade dever\u00e1 apresentar consulta a prop\u00f3sito do real alcance da Recomenda\u00e7\u00e3o n\u00ba 29\/2018, em vista do que j\u00e1 decidiu o Plen\u00e1rio do CNJ nos autos do PP 23856\/2008 (200810000023856), em que foi relator o ent\u00e3o ministro Jo\u00e3o Oreste Dalazen.<\/p>\n<p>Ainda a esse respeito, a Frentas, por interm\u00e9dio da Anamatra na sua coordena\u00e7\u00e3o, dever\u00e1 levar as suas apreens\u00f5es ao presidente do Supremo Tribunal Federal (STF), ministro Dias Toffoli.<\/p>\n<div><\/div>\n","protected":false},"excerpt":{"rendered":"<p>O presidente da Anamatra, Guilherme Feliciano, e a vice-presidente da entidade, Noemia Porto, foram recebidos, na tarde de ontem (8\/1), no Superior Tribunal de Justi\u00e7a (STJ), pelo juiz Daniel Carnio Costa, auxiliar do ministro Humberto Costa, para uma conversa sobre as Recomenda\u00e7\u00f5es n\u00bas 29\/2018 e 35\/2019 do Conselho\u00a0 Nacional de Justi\u00e7a (CNJ). Segundo Feliciano, caso n\u00e3o haja avan\u00e7os no atual [&hellip;]<\/p>\n","protected":false},"author":27,"featured_media":0,"comment_status":"open","ping_status":"closed","sticky":false,"template":"","format":"standard","meta":{"footnotes":""},"categories":[2719],"tags":[1314,970,1408,254,1819,2599,756,3253,8684,14258,3329,7902,14255,344,3286,1120,1137,1415,14256,14257,452,1620,14254,7385],"class_list":["post-11434","post","type-post","status-publish","format-standard","hentry","category-servidor","tag-administrativa","tag-alteracao","tag-anamatra","tag-cnj","tag-comissoes","tag-comites","tag-confederacoes","tag-conselhos","tag-deveres","tag-entidades-desportivas","tag-federacoes","tag-formalmente","tag-impugnar","tag-juizes","tag-orgao","tag-participacao","tag-poder-judiciario","tag-politica","tag-recomendacao-29-2018","tag-recomendacao-35-2019","tag-recomendacoes","tag-remuneracao","tag-vedam","tag-violacao"],"_links":{"self":[{"href":"https:\/\/blogs.correiobraziliense.com.br\/servidor\/wp-json\/wp\/v2\/posts\/11434","targetHints":{"allow":["GET"]}}],"collection":[{"href":"https:\/\/blogs.correiobraziliense.com.br\/servidor\/wp-json\/wp\/v2\/posts"}],"about":[{"href":"https:\/\/blogs.correiobraziliense.com.br\/servidor\/wp-json\/wp\/v2\/types\/post"}],"author":[{"embeddable":true,"href":"https:\/\/blogs.correiobraziliense.com.br\/servidor\/wp-json\/wp\/v2\/users\/27"}],"replies":[{"embeddable":true,"href":"https:\/\/blogs.correiobraziliense.com.br\/servidor\/wp-json\/wp\/v2\/comments?post=11434"}],"version-history":[{"count":1,"href":"https:\/\/blogs.correiobraziliense.com.br\/servidor\/wp-json\/wp\/v2\/posts\/11434\/revisions"}],"predecessor-version":[{"id":11435,"href":"https:\/\/blogs.correiobraziliense.com.br\/servidor\/wp-json\/wp\/v2\/posts\/11434\/revisions\/11435"}],"wp:attachment":[{"href":"https:\/\/blogs.correiobraziliense.com.br\/servidor\/wp-json\/wp\/v2\/media?parent=11434"}],"wp:term":[{"taxonomy":"category","embeddable":true,"href":"https:\/\/blogs.correiobraziliense.com.br\/servidor\/wp-json\/wp\/v2\/categories?post=11434"},{"taxonomy":"post_tag","embeddable":true,"href":"https:\/\/blogs.correiobraziliense.com.br\/servidor\/wp-json\/wp\/v2\/tags?post=11434"}],"curies":[{"name":"wp","href":"https:\/\/api.w.org\/{rel}","templated":true}]}}