{"id":11429,"date":"2019-01-08T20:48:25","date_gmt":"2019-01-08T22:48:25","guid":{"rendered":"https:\/\/blogs.correiobraziliense.com.br\/servidor\/?p=11429"},"modified":"2019-01-08T20:49:26","modified_gmt":"2019-01-08T22:49:26","slug":"dou-aposentados-e-pensionistas-poderao-ficar-sem-o-pagamento-de-janeiro","status":"publish","type":"post","link":"https:\/\/blogs.correiobraziliense.com.br\/servidor\/dou-aposentados-e-pensionistas-poderao-ficar-sem-o-pagamento-de-janeiro\/","title":{"rendered":"DOU &#8211; Aposentados e pensionistas poder\u00e3o ficar sem o pagamento de janeiro"},"content":{"rendered":"<p><em>O restabelecimento do pagamento \u201cdo provento e da pens\u00e3o fica condicionado ao recadastramento mediante comparecimento pessoal dos interessados nas unidades de gest\u00e3o de pessoas&#8221;, avisam os \u00f3rg\u00e3os federais<\/em><\/p>\n<p>No Di\u00e1rio Oficial da Uni\u00e3o (DOU) de ontem, exonera\u00e7\u00f5es, demiss\u00f5es e dispensas praticamente se equipararam \u00e0 quantidade de nomea\u00e7\u00f5es e habilita\u00e7\u00f5es no governo federal. Foram cerca de 250 de cada uma dessas medidas, ao todo, na publica\u00e7\u00e3o de 8 de janeiro. Houve tamb\u00e9m mais de 100 concess\u00f5es de aposentadorias e pens\u00f5es (definitivas e tempor\u00e1rias), grande parte de militares que se reformaram ou passaram da situa\u00e7\u00e3o de inatividade para a de reserva remunerada. E cerca de 60 t\u00e9cnicos de diversas carreiras federais se afastaram do pa\u00eds para estudar ou participar de reuni\u00f5es e conselhos no exterior, em diferentes pa\u00edses, nos cinco continentes. Al\u00e9m desses, quase uma centena de servidores e comissionados, que serviam a parlamentares que n\u00e3o se elegeram, se movimentaram entre os gabinetes na C\u00e2mara e no Senado.<\/p>\n<p>Aposentados e pensionistas devem verificar se seus nomes n\u00e3o constam das listas publicadas por v\u00e1rios \u00f3rg\u00e3os com a suspens\u00e3o do pagamento de janeiro de 2019. Isso aconteceu para aqueles aniversariantes do m\u00eas de outubro de 2018 que n\u00e3o atenderam \u00e0 convoca\u00e7\u00e3o e notifica\u00e7\u00e3o para o recadastramento anual. O restabelecimento do pagamento \u201cdo provento e\/ou da pens\u00e3o fica condicionado ao recadastramento mediante comparecimento pessoal dos interessados nas unidades de gest\u00e3o de pessoas\u201d, avisam.O Minist\u00e9rio de Rela\u00e7\u00f5es Exteriores (MRE) definiu o limite remunerat\u00f3rio do valor da Retribui\u00e7\u00e3o no Exterior paga ao servidor do Itamaraty, em miss\u00e3o transit\u00f3ria ou permanente no exterior.<\/p>\n<p><strong>Vagas para gratifica\u00e7\u00e3o de qualifica\u00e7\u00e3o<\/strong><\/p>\n<p>\u201cExclu\u00eddas as parcelas de car\u00e1ter indenizat\u00f3rio previstas em lei, o valor ser\u00e1 convertido em moeda nacional ao c\u00e2mbio de US$\/R$ 3,6552. Para a fixa\u00e7\u00e3o do valor do c\u00e2mbio de convers\u00e3o foi aplicado o valor da m\u00e9dia aritm\u00e9tica das cota\u00e7\u00f5es de fechamento Ptax (taxa de c\u00e2mbio calculada durante o dia pelo Banco Central do Brasil) para compra de d\u00f3lar dos EUA, registradas pelo BC, entre o per\u00edodo de 1\u00ba de janeiro de 2018 e 31 de dezembro de 2018\u201d, informou o MRE. O DOU tamb\u00e9m trouxe a convoca\u00e7\u00e3o da Subsecretaria de Assuntos Administrativos do antigo Minist\u00e9rio do Planejamento \u2013 agora na estrutura do Minist\u00e9rio da Economia -, para a abertura do ciclo 2019 \u201cde concorr\u00eancia \u00e0s vagas para percep\u00e7\u00e3o da Gratifica\u00e7\u00e3o de Qualifica\u00e7\u00e3o (GQ) devida aos titulares da carreira de analista de infraestrutura (AIE) e do cargo isolado de especialista em infraestrutura s\u00eanior (EIS). S\u00e3o, no m\u00e1ximo, 347 vagas.<\/p>\n<p>O prazo de validade de v\u00e1rios concursos foi prorrogado. E \u00e9 preciso atentar para o nome da escola que se pretende estudar. V\u00e1rias institui\u00e7\u00f5es de ensino foram desvinculadas do Programa Universidade para Todos (Prouni), por descumprimento de preceitos legais. O Departamento Nacional de Infraestrutura de Transportes (DNIT) autorizou o pagamento parcelado de multas de \u201cinfra\u00e7\u00f5es de tr\u00e2nsito e demais d\u00e9bitos relativos ao ve\u00edculo e carteira nacional de habilita\u00e7\u00e3o (CNH), por meio de pagamento de cart\u00e3o de cr\u00e9dito e d\u00e9bito\u201d.<\/p>\n","protected":false},"excerpt":{"rendered":"<p>O restabelecimento do pagamento \u201cdo provento e da pens\u00e3o fica condicionado ao recadastramento mediante comparecimento pessoal dos interessados nas unidades de gest\u00e3o de pessoas&#8221;, avisam os \u00f3rg\u00e3os federais No Di\u00e1rio Oficial da Uni\u00e3o (DOU) de ontem, exonera\u00e7\u00f5es, demiss\u00f5es e dispensas praticamente se equipararam \u00e0 quantidade de nomea\u00e7\u00f5es e habilita\u00e7\u00f5es no governo federal. Foram cerca de 250 de cada uma dessas [&hellip;]<\/p>\n","protected":false},"author":27,"featured_media":0,"comment_status":"open","ping_status":"closed","sticky":false,"template":"","format":"standard","meta":{"footnotes":""},"categories":[2719],"tags":[14251,345,644,14250,704,606,12087,1769,12266,580,1522,2962,4702,2772,51,122,4947,151,3374,346,9072,14249,702],"class_list":["post-11429","post","type-post","status-publish","format-standard","hentry","category-servidor","tag-aniversariantes","tag-aposentados","tag-comissionados","tag-conessoes","tag-convocacao","tag-demissoes","tag-dispensas","tag-dou","tag-exoneracoes","tag-exterior","tag-governo-federal","tag-habilitacao","tag-inatividade","tag-listas","tag-militares","tag-nomeacoes","tag-notificacao","tag-pagamento","tag-pensao","tag-pensionistas","tag-provento","tag-recadstramento","tag-reserva"],"_links":{"self":[{"href":"https:\/\/blogs.correiobraziliense.com.br\/servidor\/wp-json\/wp\/v2\/posts\/11429","targetHints":{"allow":["GET"]}}],"collection":[{"href":"https:\/\/blogs.correiobraziliense.com.br\/servidor\/wp-json\/wp\/v2\/posts"}],"about":[{"href":"https:\/\/blogs.correiobraziliense.com.br\/servidor\/wp-json\/wp\/v2\/types\/post"}],"author":[{"embeddable":true,"href":"https:\/\/blogs.correiobraziliense.com.br\/servidor\/wp-json\/wp\/v2\/users\/27"}],"replies":[{"embeddable":true,"href":"https:\/\/blogs.correiobraziliense.com.br\/servidor\/wp-json\/wp\/v2\/comments?post=11429"}],"version-history":[{"count":2,"href":"https:\/\/blogs.correiobraziliense.com.br\/servidor\/wp-json\/wp\/v2\/posts\/11429\/revisions"}],"predecessor-version":[{"id":11431,"href":"https:\/\/blogs.correiobraziliense.com.br\/servidor\/wp-json\/wp\/v2\/posts\/11429\/revisions\/11431"}],"wp:attachment":[{"href":"https:\/\/blogs.correiobraziliense.com.br\/servidor\/wp-json\/wp\/v2\/media?parent=11429"}],"wp:term":[{"taxonomy":"category","embeddable":true,"href":"https:\/\/blogs.correiobraziliense.com.br\/servidor\/wp-json\/wp\/v2\/categories?post=11429"},{"taxonomy":"post_tag","embeddable":true,"href":"https:\/\/blogs.correiobraziliense.com.br\/servidor\/wp-json\/wp\/v2\/tags?post=11429"}],"curies":[{"name":"wp","href":"https:\/\/api.w.org\/{rel}","templated":true}]}}