{"id":11422,"date":"2019-01-08T14:10:40","date_gmt":"2019-01-08T16:10:40","guid":{"rendered":"https:\/\/blogs.correiobraziliense.com.br\/servidor\/?p=11422"},"modified":"2019-01-08T14:10:40","modified_gmt":"2019-01-08T16:10:40","slug":"o-grande-engodo","status":"publish","type":"post","link":"https:\/\/blogs.correiobraziliense.com.br\/servidor\/o-grande-engodo\/","title":{"rendered":"O grande engodo"},"content":{"rendered":"<p><em>&#8220;Todos que fizeram a reforma da reforma da Previd\u00eancia n\u00e3o economizaram um tost\u00e3o. Pelo contr\u00e1rio, escancararam os ralos com os Refis e mais Refis para honrar seus compromissos com os financiadores de seus partidos e pol\u00edticos os caloteiros p\u00fablicos (mais de R$ 100 bilh\u00f5es para estados e munic\u00edpios, uns R$ 500 bilh\u00f5es para ind\u00fastria, com\u00e9rcio, transforma\u00e7\u00e3o e servi\u00e7os, e R$ 20 bilh\u00f5es para o agroneg\u00f3cio)&#8221;<\/em><\/p>\n<p><strong><em>Paulo C\u00e9sar R\u00e9gis de Souza*<\/em><\/strong><\/p>\n<p>Assistimos a cada dia, a cada semana, a cada m\u00eas, h\u00e1 mais de dois anos, cap\u00edtulos de uma novela que n\u00e3o termina, como tantas outras, sobre as mudan\u00e7as que salvar\u00e3o o Brasil da mis\u00e9ria, da fome, do desemprego, da viol\u00eancia, do sucateamento da sa\u00fade, da precariedade da educa\u00e7\u00e3o b\u00e1sica e superior, das pol\u00edcias, dos pres\u00eddios.<\/p>\n<p>Lamentavelmente as mudan\u00e7as parecem se resumir em uma s\u00f3: \u201cReformar a Previd\u00eancia Social\u201d.<\/p>\n<p>A declara\u00e7\u00e3o \u00e9 atribu\u00edda a entidade fantasma: o mercado, seja os que tem muito dinheiro e aplicam em a\u00e7\u00f5es e t\u00edtulos p\u00fablicos e privados.<\/p>\n<p>Ora, meus senhores, j\u00e1 vimos esse filme v\u00e1rias vezes, com Sarney, Collor, FHC, Lula, Dilma, Temer e agora Bolsonaro, querendo usar a reforma \u201cFrankenstein\u201d de Michel Temer. Brincadeira!<\/p>\n<p>FHC, Lula e Dilma fizeram reformas em nome de reduzir privil\u00e9gios e d\u00e9ficit e nada disso aconteceu. S\u00f3 ampliaram o favorecimento de um mercado que n\u00e3o quer saber de programas sociais, s\u00f3 de lucros em aplica\u00e7\u00f5es financeiras.<\/p>\n<p>N\u00e3o h\u00e1 no mundo civilizado uma linha sobre o Brasil, a economia brasileira.<\/p>\n<p>Dizer que as bolsas de Nova Iorque, Paris, Frankfurt, Xangai, Hong Kong, T\u00f3quio exigem a reforma da Previd\u00eancia \u00e9 uma farsa do engodo que dimensiona a trag\u00e9dia nacional.<\/p>\n<p>Ningu\u00e9m fala em reduzir a d\u00edvida p\u00fablica que suga a poupan\u00e7a nacional beneficiando justamente total mercado de um neoliberalismo perverso e n\u00e3o tem paralelo em economias capitalistas modernas.<\/p>\n<p>Ningu\u00e9m fala que o problema principal da Previd\u00eancia P\u00fablica (RGPS) est\u00e1 no seu financiamento e n\u00e3o fiscaliza\u00e7\u00e3o e cobran\u00e7a dos que se beneficiam como o agroneg\u00f3cio (que deixa de pagar R$ 100 bilh\u00f5es\/ano), bem como os as ren\u00fancias, (principalmente de filantr\u00f3picas, agroneg\u00f3cio, Supersimples e Mei), as desonera\u00e7\u00f5es, os Refis e os subs\u00eddios, com contribui\u00e7\u00e3o de 50% e benef\u00edcios dede 100%.<\/p>\n<p>\u00c9 certo que a Previd\u00eancia da Uni\u00e3o, estados e Munic\u00edpios (os chamados regimes pr\u00f3prios) est\u00e1 no fundo do po\u00e7o, mas os militares nunca pagaram. Estados e Munic\u00edpios recolhem dos servidores e n\u00e3o pagam o INSS ou transferem por seus fundos.<\/p>\n<p>Preocupo-me, como previdenci\u00e1rio h\u00e1 40 anos, com o RGPS, com o INSS.<\/p>\n<p>Todos que fizeram a reforma da reforma da Previd\u00eancia n\u00e3o economizaram um tost\u00e3o. Pelo contr\u00e1rio, escancararam os ralos com os Refis e mais Refis para honrar seus compromissos com os financiadores de seus partidos e pol\u00edticos os caloteiros p\u00fablicos (mais de R$ 100 bilh\u00f5es para estados e munic\u00edpios, uns R$ 500 bilh\u00f5es para ind\u00fastria, com\u00e9rcio, transforma\u00e7\u00e3o e servi\u00e7os, e R$ 20 bilh\u00f5es para o agroneg\u00f3cio).<\/p>\n<p>O novo ministro fala que a inadimpl\u00eancia \u00e9 de 40%. Por que n\u00e3o cobra deles, primeiro. Por que n\u00e3o cobra a d\u00edvida ativa que cresce exponencialmente e ainda entrega a PGFN, que deveria cobrar a d\u00edvida ativa, a parasitas e incompetentes?<\/p>\n<p>O novo ministro fala em 40 milh\u00f5es de informais. Porque n\u00e3o buscar mecanismos para que paguem corretamente se sonham em se aposentar? Que paguem 50% e tenham um benef\u00edcio de 50%. \u00c9 correto. N\u00e3o como fizeram Lula e Dilma que em nome da inclus\u00e3o previdenci\u00e1ria criaram seis novos funrurais que, se n\u00e3o forem revistos com urg\u00eancia, v\u00e3o implodir o RGPS mais adiante?<\/p>\n<p>O ministro fala em ralos. Por que que n\u00e3o acabar com renuncias, desonera\u00e7\u00f5es, Refis. Benef\u00edcios criados sem o devido custeio, para agradar a base pol\u00edtica na base do toma l\u00e1 d\u00e1 c\u00e1?<\/p>\n<p>O modelo previdenci\u00e1rio brasileiro \u00e9 \u00edmpar, no mundo contempor\u00e2neo. O ministro n\u00e3o fala nos R$ 1,5 trilh\u00e3o dos ativos da previd\u00eancia complementar aberta dos planos e fechada dos fundos. Nenhum pa\u00eds como nosso tem ativos que financiam 100% a d\u00edvida p\u00fablica a paga 31 milh\u00f5es de aposentados e pensionistas; 4,5 milh\u00f5es de benef\u00edcios assistenciais e financia quase 70% dos munic\u00edpios e ainda \u00e9 a maior redistribuidora de renda.<\/p>\n<p>O novo ministro fala em copiar o modelo chileno totalmente falido e com os aposentados na mis\u00e9ria. Modelo criado pelo irm\u00e3o do atual presidente na ditadura chilena e que ele est\u00e1 revendo. Lembremo-nos que o Chile n\u00e3o tem 20% da popula\u00e7\u00e3o do Brasil (s\u00e3o 18.5 milh\u00f5es para 205 milh\u00f5es!).<\/p>\n<p>O novo ministro fala em instituir o regime de capitaliza\u00e7\u00e3o, mas na realidade \u00e9 instituir a previd\u00eancia sem contribui\u00e7\u00e3o patronal (sonho de todo empres\u00e1rio \u00e9 deixar que o trabalho se vire) o que inexiste no mundo. Se existe diga onde.<\/p>\n<p>Fala em mudar o modelo alem\u00e3o, modelo perverso, um sistema orientado somente pela remunera\u00e7\u00e3o, privilegiando somente os de alta remunera\u00e7\u00e3o, sem o regime de solidariedade. Os alem\u00e3es pobres, com remunera\u00e7\u00e3o baixa dependem na velhice de ajuda social do governo.<\/p>\n<p>O ministro erra redondamente quando acha que o regime de reparti\u00e7\u00e3o simples est\u00e1 superado. Nem a Escola de Chicago acha!<\/p>\n<p>O grande engodo foi nos enganar que fariam a reforma necess\u00e1ria, com quem entende de Previd\u00eancia, os previdenci\u00e1rios, mas me parece que j\u00e1 vem um prato feito e requentado para atender os interesses de banqueiros e de seguradoras e de investidores \u00e1vidos e sequiosos pelos rendimentos de a\u00e7\u00f5es.<\/p>\n<p>Nosso novo presidente pregou durante sua campanha esperan\u00e7a, mudan\u00e7as, doa a quem doer, acabar com as desigualdades, acabar com a viol\u00eancia, sem roubar e sem mentiras.<\/p>\n<p>Prefiro admitir que quem mente tamb\u00e9m rouba, corrompe, pois rouba o direito de se saber a verdade do que est\u00e1 por tr\u00e1s da reforma da Previd\u00eancia, RGPS e Regimes Pr\u00f3prios.<\/p>\n<p>* Paulo C\u00e9sar R\u00e9gis de Souza &#8211; vice-presidente executivo da Associa\u00e7\u00e3o Nacional dos Servidores P\u00fablicos, da Previd\u00eancia e da Seguridade Social (Anasps).<\/p>\n","protected":false},"excerpt":{"rendered":"<p>&#8220;Todos que fizeram a reforma da reforma da Previd\u00eancia n\u00e3o economizaram um tost\u00e3o. Pelo contr\u00e1rio, escancararam os ralos com os Refis e mais Refis para honrar seus compromissos com os financiadores de seus partidos e pol\u00edticos os caloteiros p\u00fablicos (mais de R$ 100 bilh\u00f5es para estados e munic\u00edpios, uns R$ 500 bilh\u00f5es para ind\u00fastria, com\u00e9rcio, transforma\u00e7\u00e3o e servi\u00e7os, e R$ [&hellip;]<\/p>\n","protected":false},"author":27,"featured_media":0,"comment_status":"open","ping_status":"closed","sticky":false,"template":"","format":"standard","meta":{"footnotes":""},"categories":[2719],"tags":[5249,10596,4901,2779,2293,48,7733,943,14246,4274,1495,4275,944,3335,280,1411,341,6047,24,14245,6755,9727,616,1379,7127,5777,4427],"class_list":["post-11422","post","type-post","status-publish","format-standard","hentry","category-servidor","tag-agronegocio","tag-caloteiros","tag-comercio","tag-compromissos","tag-desemprego","tag-educacao","tag-engodo","tag-estados","tag-financiadores","tag-fome","tag-industria","tag-miseria","tag-municipios","tag-partidos","tag-policias","tag-politicos","tag-precariedade","tag-presidios","tag-publicos","tag-ralos","tag-refis","tag-reforma-da-previdencia","tag-saude","tag-servicos","tag-sucateamento","tag-transformacao","tag-violencia"],"_links":{"self":[{"href":"https:\/\/blogs.correiobraziliense.com.br\/servidor\/wp-json\/wp\/v2\/posts\/11422","targetHints":{"allow":["GET"]}}],"collection":[{"href":"https:\/\/blogs.correiobraziliense.com.br\/servidor\/wp-json\/wp\/v2\/posts"}],"about":[{"href":"https:\/\/blogs.correiobraziliense.com.br\/servidor\/wp-json\/wp\/v2\/types\/post"}],"author":[{"embeddable":true,"href":"https:\/\/blogs.correiobraziliense.com.br\/servidor\/wp-json\/wp\/v2\/users\/27"}],"replies":[{"embeddable":true,"href":"https:\/\/blogs.correiobraziliense.com.br\/servidor\/wp-json\/wp\/v2\/comments?post=11422"}],"version-history":[{"count":1,"href":"https:\/\/blogs.correiobraziliense.com.br\/servidor\/wp-json\/wp\/v2\/posts\/11422\/revisions"}],"predecessor-version":[{"id":11423,"href":"https:\/\/blogs.correiobraziliense.com.br\/servidor\/wp-json\/wp\/v2\/posts\/11422\/revisions\/11423"}],"wp:attachment":[{"href":"https:\/\/blogs.correiobraziliense.com.br\/servidor\/wp-json\/wp\/v2\/media?parent=11422"}],"wp:term":[{"taxonomy":"category","embeddable":true,"href":"https:\/\/blogs.correiobraziliense.com.br\/servidor\/wp-json\/wp\/v2\/categories?post=11422"},{"taxonomy":"post_tag","embeddable":true,"href":"https:\/\/blogs.correiobraziliense.com.br\/servidor\/wp-json\/wp\/v2\/tags?post=11422"}],"curies":[{"name":"wp","href":"https:\/\/api.w.org\/{rel}","templated":true}]}}