{"id":114,"date":"2015-03-10T17:48:00","date_gmt":"2015-03-10T20:48:00","guid":{"rendered":"https:\/\/blogs.correiobraziliense.com.br\/servidor\/samsung_paga_indenizacao_de_r_10_milhoes_por_assedio_moral\/"},"modified":"2015-03-10T17:48:00","modified_gmt":"2015-03-10T20:48:00","slug":"samsung_paga_indenizacao_de_r_10_milhoes_por_assedio_moral","status":"publish","type":"post","link":"https:\/\/blogs.correiobraziliense.com.br\/servidor\/samsung_paga_indenizacao_de_r_10_milhoes_por_assedio_moral\/","title":{"rendered":"SAMSUNG PAGA INDENIZA\u00c7\u00c3O DE R$ 10 MILH\u00d5ES POR ASS\u00c9DIO MORAL"},"content":{"rendered":"<p><i>Parte dos recursos ser\u00e1 usada para campanha  sobre o tema em r\u00e1dio, televis\u00e3o e revista<\/i>  <\/p>\n<div>\n<p>O Minist\u00e9rio P\u00fablico do  Trabalho em S\u00e3o Paulo (MPT-SP) firmou termo de ajuste de conduta (TAC) com a  Samsung para coibir a pr\u00e1tica de ass\u00e9dio moral. O acordo prev\u00ea o  pagamento de dano moral coletivo de R$ 10 milh\u00f5es. Parte do valor (R$ 5  milh\u00f5es) ser\u00e1 pago na forma de divulga\u00e7\u00e3o de campanha sobre o tema. O material ser\u00e1  veiculado na televis\u00e3o, no r\u00e1dio e em an\u00fancios para revista. &nbsp;Os outros R$ 5  milh\u00f5es ser\u00e3o revertidos para institui\u00e7\u00f5es sociais. &nbsp;  A Samsung assinou o TAC para evitar uma a\u00e7\u00e3o  judicial do MPT, que constatou a pr\u00e1tica de ass\u00e9dio moral na sede da empresa em  S\u00e3o Paulo. O termo foi conduzido pelo procurador do Trabalho Marcelo Freire  Sampaio Costa. \u201cO acordo \u00e9 significativo por modificar as rela\u00e7\u00f5es de trabalho  numa companhia de grande porte. O impacto disso ser\u00e1 muito importante\u201d, disse Sampaio. &nbsp;   <b> <\/p>\n<p><\/b><b>Obriga\u00e7\u00f5es<\/b> <\/p>\n<p>A empresa dever\u00e1 fazer  auditorias internas sempre em l\u00edngua portuguesa, sendo expressamente proibido o  uso de poder de pol\u00edcia ou qualquer m\u00e9todo que resulte em coer\u00e7\u00e3o de empregados.  Condutas abusivas, intimidadoras, desrespeitosas e discriminat\u00f3rias tamb\u00e9m devem  ser reprimidas. A Samsung ter\u00e1 ainda que apresentar ao MPT todas as den\u00fancias de  ass\u00e9dio recebidas e as medidas adotadas para a corre\u00e7\u00e3o.   <\/p>\n<p>Em caso de descumprimento das doa\u00e7\u00f5es \u00e0s  entidades ou da veicula\u00e7\u00e3o da campanha, o MPT ir\u00e1 executar multa de R$ 5  milh\u00f5es. Se as obriga\u00e7\u00f5es de repress\u00e3o de condutas abusivas n\u00e3o forem  observadas, a empresa pagar\u00e1 R$ 50 mil por trabalhador atingido. O MPT tamb\u00e9m  poder\u00e1 ajuizar uma a\u00e7\u00e3o civil p\u00fablica contra a Samsung, independentemente da  execu\u00e7\u00e3o das multas.  <\/p>\n<p>Bras\u00edlia, 17h48min <\/p>\n<\/div>\n","protected":false},"excerpt":{"rendered":"<p>Parte dos recursos ser\u00e1 usada para campanha sobre o tema em r\u00e1dio, televis\u00e3o e revista O Minist\u00e9rio P\u00fablico do Trabalho em S\u00e3o Paulo (MPT-SP) firmou termo de ajuste de conduta (TAC) com a Samsung para coibir a pr\u00e1tica de ass\u00e9dio moral. O acordo prev\u00ea o pagamento de dano moral coletivo de R$ 10 milh\u00f5es. Parte do valor (R$ 5 milh\u00f5es) [&hellip;]<\/p>\n","protected":false},"author":27,"featured_media":0,"comment_status":"open","ping_status":"open","sticky":false,"template":"","format":"standard","meta":{"footnotes":""},"categories":[1],"tags":[],"class_list":["post-114","post","type-post","status-publish","format-standard","hentry","category-sem-categoria"],"_links":{"self":[{"href":"https:\/\/blogs.correiobraziliense.com.br\/servidor\/wp-json\/wp\/v2\/posts\/114","targetHints":{"allow":["GET"]}}],"collection":[{"href":"https:\/\/blogs.correiobraziliense.com.br\/servidor\/wp-json\/wp\/v2\/posts"}],"about":[{"href":"https:\/\/blogs.correiobraziliense.com.br\/servidor\/wp-json\/wp\/v2\/types\/post"}],"author":[{"embeddable":true,"href":"https:\/\/blogs.correiobraziliense.com.br\/servidor\/wp-json\/wp\/v2\/users\/27"}],"replies":[{"embeddable":true,"href":"https:\/\/blogs.correiobraziliense.com.br\/servidor\/wp-json\/wp\/v2\/comments?post=114"}],"version-history":[{"count":0,"href":"https:\/\/blogs.correiobraziliense.com.br\/servidor\/wp-json\/wp\/v2\/posts\/114\/revisions"}],"wp:attachment":[{"href":"https:\/\/blogs.correiobraziliense.com.br\/servidor\/wp-json\/wp\/v2\/media?parent=114"}],"wp:term":[{"taxonomy":"category","embeddable":true,"href":"https:\/\/blogs.correiobraziliense.com.br\/servidor\/wp-json\/wp\/v2\/categories?post=114"},{"taxonomy":"post_tag","embeddable":true,"href":"https:\/\/blogs.correiobraziliense.com.br\/servidor\/wp-json\/wp\/v2\/tags?post=114"}],"curies":[{"name":"wp","href":"https:\/\/api.w.org\/{rel}","templated":true}]}}