{"id":11398,"date":"2019-01-04T18:40:41","date_gmt":"2019-01-04T20:40:41","guid":{"rendered":"https:\/\/blogs.correiobraziliense.com.br\/servidor\/?p=11398"},"modified":"2019-01-04T18:40:41","modified_gmt":"2019-01-04T20:40:41","slug":"amb-defende-a-manutencao-e-o-fortalecimento-da-justica-do-trabalho","status":"publish","type":"post","link":"https:\/\/blogs.correiobraziliense.com.br\/servidor\/amb-defende-a-manutencao-e-o-fortalecimento-da-justica-do-trabalho\/","title":{"rendered":"AMB defende a manuten\u00e7\u00e3o e o fortalecimento da Justi\u00e7a do Trabalho"},"content":{"rendered":"<p><em>Por meio de nota, a Associa\u00e7\u00e3o dos Magistrados Brasileiros (AMB), discorda da inten\u00e7\u00e3o do presidente Jair Bolsonaro de extinguir a Justi\u00e7a do Trabalho. &#8220;O inconformismo com decis\u00f5es judiciais \u00e9 pr\u00f3prio da natureza humana, de maneira que a insatisfa\u00e7\u00e3o e a cr\u00edtica s\u00e3o normais pelo vencido ou por quem se v\u00ea contrariado pela decis\u00e3o judicial. Todavia, avalia-se o amadurecimento de uma democracia quando as decis\u00f5es judiciais s\u00e3o respeitadas e impugnadas pelos pr\u00f3prios mecanismos internos previstos nas leis e na Constitui\u00e7\u00e3o do pa\u00eds&#8221;, destaca o documento<\/em><\/p>\n<p>Veja a nota na \u00edntegra:<\/p>\n<p>&#8220;A Associa\u00e7\u00e3o dos Magistrados Brasileiros (AMB), maior entidade representativa da Magistratura nacional, nas esferas estadual, trabalhista, federal e militar, vem a p\u00fablico, a respeito das declara\u00e7\u00f5es do presidente da Rep\u00fablica, Jair Bolsonaro, sobre a Justi\u00e7a do Trabalho, esclarecer:<\/p>\n<p>1. A Justi\u00e7a do Trabalho, desde sua implanta\u00e7\u00e3o no Brasil, tem prestado excelentes servi\u00e7os \u00e0 cidadania e \u00e0 evolu\u00e7\u00e3o do processo democr\u00e1tico brasileiro.<\/p>\n<p>2. O inconformismo com decis\u00f5es judiciais \u00e9 pr\u00f3prio da natureza humana, de maneira que a insatisfa\u00e7\u00e3o e a cr\u00edtica s\u00e3o normais pelo vencido ou por quem se v\u00ea contrariado pela decis\u00e3o judicial.<br \/>\nTodavia, avalia-se o amadurecimento de uma democracia quando as decis\u00f5es judiciais s\u00e3o respeitadas e impugnadas pelos pr\u00f3prios mecanismos internos previstos nas leis e na Constitui\u00e7\u00e3o do pa\u00eds.<\/p>\n<p>3. O fato de se ter uma Justi\u00e7a pr\u00f3pria para as quest\u00f5es trabalhistas revela especializa\u00e7\u00e3o necess\u00e1ria e em conformidade com a hist\u00f3ria do Brasil, tanto quanto acontece com as Justi\u00e7as Militar e Eleitoral, caracter\u00edsticas do modelo brasileiro.<\/p>\n<p>4. Nessa linha, a AMB defende a manuten\u00e7\u00e3o e o fortalecimento da Justi\u00e7a do Trabalho, que tanto tem feito pelo Brasil e coloca-se \u00e0 disposi\u00e7\u00e3o para o necess\u00e1rio di\u00e1logo que conduza ao aprimoramento das Institui\u00e7\u00f5es.<\/p>\n<p>Bras\u00edlia, 4 de janeiro de 2019.&#8221;<\/p>\n","protected":false},"excerpt":{"rendered":"<p>Por meio de nota, a Associa\u00e7\u00e3o dos Magistrados Brasileiros (AMB), discorda da inten\u00e7\u00e3o do presidente Jair Bolsonaro de extinguir a Justi\u00e7a do Trabalho. &#8220;O inconformismo com decis\u00f5es judiciais \u00e9 pr\u00f3prio da natureza humana, de maneira que a insatisfa\u00e7\u00e3o e a cr\u00edtica s\u00e3o normais pelo vencido ou por quem se v\u00ea contrariado pela decis\u00e3o judicial. Todavia, avalia-se o amadurecimento de uma [&hellip;]<\/p>\n","protected":false},"author":27,"featured_media":0,"comment_status":"open","ping_status":"closed","sticky":false,"template":"","format":"standard","meta":{"footnotes":""},"categories":[2719],"tags":[14230,1409,439,2584,2129,1864,4053,10703,14229,697,2323,1778],"class_list":["post-11398","post","type-post","status-publish","format-standard","hentry","category-servidor","tag-amadurecimento","tag-amb","tag-cidadania","tag-constituicao","tag-criticas","tag-decisoes","tag-democracia","tag-extinguir","tag-insatifsfacao","tag-justica-do-trabalho","tag-magistratura","tag-manutencao"],"_links":{"self":[{"href":"https:\/\/blogs.correiobraziliense.com.br\/servidor\/wp-json\/wp\/v2\/posts\/11398","targetHints":{"allow":["GET"]}}],"collection":[{"href":"https:\/\/blogs.correiobraziliense.com.br\/servidor\/wp-json\/wp\/v2\/posts"}],"about":[{"href":"https:\/\/blogs.correiobraziliense.com.br\/servidor\/wp-json\/wp\/v2\/types\/post"}],"author":[{"embeddable":true,"href":"https:\/\/blogs.correiobraziliense.com.br\/servidor\/wp-json\/wp\/v2\/users\/27"}],"replies":[{"embeddable":true,"href":"https:\/\/blogs.correiobraziliense.com.br\/servidor\/wp-json\/wp\/v2\/comments?post=11398"}],"version-history":[{"count":1,"href":"https:\/\/blogs.correiobraziliense.com.br\/servidor\/wp-json\/wp\/v2\/posts\/11398\/revisions"}],"predecessor-version":[{"id":11399,"href":"https:\/\/blogs.correiobraziliense.com.br\/servidor\/wp-json\/wp\/v2\/posts\/11398\/revisions\/11399"}],"wp:attachment":[{"href":"https:\/\/blogs.correiobraziliense.com.br\/servidor\/wp-json\/wp\/v2\/media?parent=11398"}],"wp:term":[{"taxonomy":"category","embeddable":true,"href":"https:\/\/blogs.correiobraziliense.com.br\/servidor\/wp-json\/wp\/v2\/categories?post=11398"},{"taxonomy":"post_tag","embeddable":true,"href":"https:\/\/blogs.correiobraziliense.com.br\/servidor\/wp-json\/wp\/v2\/tags?post=11398"}],"curies":[{"name":"wp","href":"https:\/\/api.w.org\/{rel}","templated":true}]}}