{"id":11385,"date":"2019-01-03T18:42:30","date_gmt":"2019-01-03T20:42:30","guid":{"rendered":"https:\/\/blogs.correiobraziliense.com.br\/servidor\/?p=11385"},"modified":"2019-01-03T18:42:30","modified_gmt":"2019-01-03T20:42:30","slug":"material-escolar-aumenta-102-mas-nao-supera-inflacao-de-432-acumulada-em-2018-aponta-fgv-ibre","status":"publish","type":"post","link":"https:\/\/blogs.correiobraziliense.com.br\/servidor\/material-escolar-aumenta-102-mas-nao-supera-inflacao-de-432-acumulada-em-2018-aponta-fgv-ibre\/","title":{"rendered":"Material escolar aumenta 1,02%, mas n\u00e3o supera infla\u00e7\u00e3o de 4,32% acumulada em 2018, aponta FGV Ibre"},"content":{"rendered":"<table border=\"0\" align=\"center\">\n<tbody>\n<tr>\n<td>\n<p style=\"text-align: left\" align=\"center\">Levantamento do Instituto Brasileiro de Economia da Funda\u00e7\u00e3o Getulio Vargas (FGV Ibre) mostrou que houve alta nos pre\u00e7os dos materiais escolares em compara\u00e7\u00e3o com o ano passado. Mas o incremente n\u00e3o superou a infla\u00e7\u00e3o acumulada, medida pelo \u00cdndice de Pre\u00e7os do Consumidor (IPC). Entre janeiro e dezembro de 2018, os materiais escolares subiram em m\u00e9dia 1,02%, enquanto a o custo de vida acumulado do IPC-S chegou a 4,32%. Essa alta de pre\u00e7os n\u00e3o leva em conta a varia\u00e7\u00e3o dos livros did\u00e1ticos e n\u00e3o did\u00e1ticos.<\/p>\n<p style=\"text-align: left\">Apesar do resultado, os pais precisar\u00e3o fazer uma boa pesquisa de pre\u00e7os para economizar nas compras, j\u00e1 que existe grande diferen\u00e7a de pre\u00e7o entre lojas. De acordo com o estudo feito pelo economista do Ibre Andr\u00e9 Braz, os produtos e servi\u00e7os que apresentaram alta, al\u00e9m dos materiais escolares, foram: transporte escolar (5,19%), livros did\u00e1ticos (0,50%) e os livros n\u00e3o did\u00e1ticos (0,46%).<\/p>\n<p style=\"text-align: left\">&#8220;Ao longo<span id=\"OBJ_PREFIX_DWT715_com_zimbra_date\" role=\"link\"> de janeiro<\/span>, alguns desses itens podem sofrer varia\u00e7\u00e3o em fun\u00e7\u00e3o da procura, que se intensifica com o in\u00edcio do ano letivo. De todo modo, a varia\u00e7\u00e3o ficou bem abaixo da infla\u00e7\u00e3o acumulada no per\u00edodo&#8221;, explicou Andr\u00e9 Braz, coordenador do IPC do FGV Ibre.<\/p>\n<p><img loading=\"lazy\" decoding=\"async\" src=\"http:\/\/imcpress.com.br\/img70.php?code=3==AOzYGM1cjOyJmLt92YuInYhRGQmRmLhlWbv52bjVmOxcTM2QjMykTOxozZwpmLxMTOycTMfNDMxATOxEGbvN2cFZkMlInYu02bj5Cdl5GdodWaz5WawQTJyFGZhN3ch1mLsVWYmFmcGJTJpZkMl8VL10yXGJTJGJTJBNTJwRHdopTa&amp;chan=acc12.imcpress.com.br\" alt=\"\" width=\"401\" height=\"253\" \/><\/td>\n<\/tr>\n<\/tbody>\n<\/table>\n","protected":false},"excerpt":{"rendered":"<p>Levantamento do Instituto Brasileiro de Economia da Funda\u00e7\u00e3o Getulio Vargas (FGV Ibre) mostrou que houve alta nos pre\u00e7os dos materiais escolares em compara\u00e7\u00e3o com o ano passado. Mas o incremente n\u00e3o superou a infla\u00e7\u00e3o acumulada, medida pelo \u00cdndice de Pre\u00e7os do Consumidor (IPC). Entre janeiro e dezembro de 2018, os materiais escolares subiram em m\u00e9dia 1,02%, enquanto a o custo [&hellip;]<\/p>\n","protected":false},"author":27,"featured_media":0,"comment_status":"open","ping_status":"closed","sticky":false,"template":"","format":"standard","meta":{"footnotes":""},"categories":[2719],"tags":[1332,14221,4018,14220,240,11780,4204,7587,3714],"class_list":["post-11385","post","type-post","status-publish","format-standard","hentry","category-servidor","tag-aumenta","tag-didaticos","tag-escolar","tag-fg-ibre","tag-inflacao","tag-ipc","tag-livros","tag-material","tag-transporte"],"_links":{"self":[{"href":"https:\/\/blogs.correiobraziliense.com.br\/servidor\/wp-json\/wp\/v2\/posts\/11385","targetHints":{"allow":["GET"]}}],"collection":[{"href":"https:\/\/blogs.correiobraziliense.com.br\/servidor\/wp-json\/wp\/v2\/posts"}],"about":[{"href":"https:\/\/blogs.correiobraziliense.com.br\/servidor\/wp-json\/wp\/v2\/types\/post"}],"author":[{"embeddable":true,"href":"https:\/\/blogs.correiobraziliense.com.br\/servidor\/wp-json\/wp\/v2\/users\/27"}],"replies":[{"embeddable":true,"href":"https:\/\/blogs.correiobraziliense.com.br\/servidor\/wp-json\/wp\/v2\/comments?post=11385"}],"version-history":[{"count":1,"href":"https:\/\/blogs.correiobraziliense.com.br\/servidor\/wp-json\/wp\/v2\/posts\/11385\/revisions"}],"predecessor-version":[{"id":11386,"href":"https:\/\/blogs.correiobraziliense.com.br\/servidor\/wp-json\/wp\/v2\/posts\/11385\/revisions\/11386"}],"wp:attachment":[{"href":"https:\/\/blogs.correiobraziliense.com.br\/servidor\/wp-json\/wp\/v2\/media?parent=11385"}],"wp:term":[{"taxonomy":"category","embeddable":true,"href":"https:\/\/blogs.correiobraziliense.com.br\/servidor\/wp-json\/wp\/v2\/categories?post=11385"},{"taxonomy":"post_tag","embeddable":true,"href":"https:\/\/blogs.correiobraziliense.com.br\/servidor\/wp-json\/wp\/v2\/tags?post=11385"}],"curies":[{"name":"wp","href":"https:\/\/api.w.org\/{rel}","templated":true}]}}