{"id":11352,"date":"2019-01-02T14:48:28","date_gmt":"2019-01-02T16:48:28","guid":{"rendered":"https:\/\/blogs.correiobraziliense.com.br\/servidor\/?p=11352"},"modified":"2019-01-02T18:09:39","modified_gmt":"2019-01-02T20:09:39","slug":"data-para-pagamento-de-servidores-federais-e-incerta","status":"publish","type":"post","link":"https:\/\/blogs.correiobraziliense.com.br\/servidor\/data-para-pagamento-de-servidores-federais-e-incerta\/","title":{"rendered":"Data para pagamento de servidores federais \u00e9 incerta"},"content":{"rendered":"<p><em>O governo, em comunicado interno, informou que a quest\u00e3o ser\u00e1 sanada em breve, mas ainda h\u00e1 controv\u00e9rsias, dizem os servidores.<\/em><\/p>\n<p>&nbsp;<\/p>\n<p>Foi confirmado pelos servidores federais o n\u00e3o pagamento do sal\u00e1rio do funcionalismo, conforme informou, no in\u00edcio da tarde de hoje, <a href=\"https:\/\/blogs.correiobraziliense.com.br\/vicente\/salario-dos-servidores-federais-atrasa\/?utm_source=whatsapp&amp;&amp;utm_medium=whatsapp\">Paulo Silva Pinto, editor de Economia do Correio Braziliense<\/a>. Pelo costume, a remunera\u00e7\u00e3o j\u00e1 deveria ter sido depositada, hoje, mas o dinheiro ainda n\u00e3o caiu na conta. \u201cQuem procurou a administra\u00e7\u00e3o ouviu que novas rotinas no Sistema Integrado de Administra\u00e7\u00e3o Financeira (Siafi) provocaram atraso geral no pagamento da folha. E que o Banco do Brasil e o Tesouro est\u00e3o tentando resolver o problema\u201d, apontou o editor. O governo, em comunicado interno, informou que a quest\u00e3o ser\u00e1 sanada em breve, mas ainda h\u00e1 controv\u00e9rsias, dizem os servidores.<\/p>\n<p>O motivo da d\u00favida \u00e9 porque, por volta das 10h40, a Diretoria Financeira e de Pessoas divulgou um \u201cInforme sobre atraso na folha de pagamento\u201d, destacando que mudan\u00e7as na forma de realiza\u00e7\u00e3o do processamento pela STN \u201ccomprometeram o pagamento\u201d. Foram geradas, destaca o informe, \u201cinconsist\u00eancias t\u00e9cnicas que impediram que todos os cr\u00e9ditos dos sal\u00e1rios fossem realizados no primeiro dia \u00fatil\u201d, e que ele dever\u00e1 acontecer amanh\u00e3. No entanto, minutos antes, a Coordena\u00e7\u00e3o-Geral de Or\u00e7amento e Finan\u00e7as (CGOFI) alertou que \u201cn\u00e3o havia previs\u00e3o exata para a libera\u00e7\u00e3o\u201d. Os servidores est\u00e3o aguardando resposta sobre a solu\u00e7\u00e3o dos impedimentos na gera\u00e7\u00e3o da ordem banc\u00e1ria.<\/p>\n","protected":false},"excerpt":{"rendered":"<p>O governo, em comunicado interno, informou que a quest\u00e3o ser\u00e1 sanada em breve, mas ainda h\u00e1 controv\u00e9rsias, dizem os servidores. &nbsp; Foi confirmado pelos servidores federais o n\u00e3o pagamento do sal\u00e1rio do funcionalismo, conforme informou, no in\u00edcio da tarde de hoje, Paulo Silva Pinto, editor de Economia do Correio Braziliense. Pelo costume, a remunera\u00e7\u00e3o j\u00e1 deveria ter sido depositada, hoje, [&hellip;]<\/p>\n","protected":false},"author":27,"featured_media":11356,"comment_status":"open","ping_status":"closed","sticky":false,"template":"","format":"standard","meta":{"footnotes":""},"categories":[2719],"tags":[4984,1638,8415,374,1164,5364,14210,1620,643,9777,1664],"class_list":["post-11352","post","type-post","status-publish","format-standard","has-post-thumbnail","hentry","category-servidor","tag-comunicado","tag-conta","tag-controversias","tag-dinheiro","tag-funcionalismo","tag-liberacao","tag-ordem-bancaria","tag-remuneracao","tag-salario","tag-servidores-federais","tag-stn"],"_links":{"self":[{"href":"https:\/\/blogs.correiobraziliense.com.br\/servidor\/wp-json\/wp\/v2\/posts\/11352","targetHints":{"allow":["GET"]}}],"collection":[{"href":"https:\/\/blogs.correiobraziliense.com.br\/servidor\/wp-json\/wp\/v2\/posts"}],"about":[{"href":"https:\/\/blogs.correiobraziliense.com.br\/servidor\/wp-json\/wp\/v2\/types\/post"}],"author":[{"embeddable":true,"href":"https:\/\/blogs.correiobraziliense.com.br\/servidor\/wp-json\/wp\/v2\/users\/27"}],"replies":[{"embeddable":true,"href":"https:\/\/blogs.correiobraziliense.com.br\/servidor\/wp-json\/wp\/v2\/comments?post=11352"}],"version-history":[{"count":8,"href":"https:\/\/blogs.correiobraziliense.com.br\/servidor\/wp-json\/wp\/v2\/posts\/11352\/revisions"}],"predecessor-version":[{"id":11364,"href":"https:\/\/blogs.correiobraziliense.com.br\/servidor\/wp-json\/wp\/v2\/posts\/11352\/revisions\/11364"}],"wp:featuredmedia":[{"embeddable":true,"href":"https:\/\/blogs.correiobraziliense.com.br\/servidor\/wp-json\/wp\/v2\/media\/11356"}],"wp:attachment":[{"href":"https:\/\/blogs.correiobraziliense.com.br\/servidor\/wp-json\/wp\/v2\/media?parent=11352"}],"wp:term":[{"taxonomy":"category","embeddable":true,"href":"https:\/\/blogs.correiobraziliense.com.br\/servidor\/wp-json\/wp\/v2\/categories?post=11352"},{"taxonomy":"post_tag","embeddable":true,"href":"https:\/\/blogs.correiobraziliense.com.br\/servidor\/wp-json\/wp\/v2\/tags?post=11352"}],"curies":[{"name":"wp","href":"https:\/\/api.w.org\/{rel}","templated":true}]}}