{"id":1135,"date":"2016-02-29T16:21:51","date_gmt":"2016-02-29T19:21:51","guid":{"rendered":"https:\/\/blogs.correiobraziliense.com.br\/servidor\/?p=1135"},"modified":"2016-02-29T16:21:51","modified_gmt":"2016-02-29T19:21:51","slug":"adiada-em-uma-hora-a-reuniao-do-planejamento-com-servidores-do-fisco","status":"publish","type":"post","link":"https:\/\/blogs.correiobraziliense.com.br\/servidor\/adiada-em-uma-hora-a-reuniao-do-planejamento-com-servidores-do-fisco\/","title":{"rendered":"ADIADA EM UMA HORA A REUNI\u00c3O DO PLANEJAMENTO COM SERVIDORES DO FISCO"},"content":{"rendered":"<p><em>O encontro, marcado para as 16 horas, passou para 17 horas.<\/em><\/p>\n<p>No momento, o secret\u00e1rio de Gest\u00e3o de Pessoas e Rela\u00e7\u00f5es do Trabalho do Minist\u00e9rio do Planejamento, S\u00e9rgio Mendon\u00e7a, conversa a portas fechadas com o secret\u00e1rio da Receita Federal, Jorge Rachid, para acertar os detalhes das negocia\u00e7\u00f5es com o Sindifisco (que representa os auditores fiscais) e com o Sindireceita (dos analistas tribut\u00e1rios).<\/p>\n","protected":false},"excerpt":{"rendered":"<p>O encontro, marcado para as 16 horas, passou para 17 horas. No momento, o secret\u00e1rio de Gest\u00e3o de Pessoas e Rela\u00e7\u00f5es do Trabalho do Minist\u00e9rio do Planejamento, S\u00e9rgio Mendon\u00e7a, conversa a portas fechadas com o secret\u00e1rio da Receita Federal, Jorge Rachid, para acertar os detalhes das negocia\u00e7\u00f5es com o Sindifisco (que representa os auditores fiscais) e com o Sindireceita (dos [&hellip;]<\/p>\n","protected":false},"author":27,"featured_media":0,"comment_status":"open","ping_status":"closed","sticky":false,"template":"","format":"standard","meta":{"footnotes":""},"categories":[1],"tags":[],"class_list":["post-1135","post","type-post","status-publish","format-standard","hentry","category-sem-categoria"],"_links":{"self":[{"href":"https:\/\/blogs.correiobraziliense.com.br\/servidor\/wp-json\/wp\/v2\/posts\/1135","targetHints":{"allow":["GET"]}}],"collection":[{"href":"https:\/\/blogs.correiobraziliense.com.br\/servidor\/wp-json\/wp\/v2\/posts"}],"about":[{"href":"https:\/\/blogs.correiobraziliense.com.br\/servidor\/wp-json\/wp\/v2\/types\/post"}],"author":[{"embeddable":true,"href":"https:\/\/blogs.correiobraziliense.com.br\/servidor\/wp-json\/wp\/v2\/users\/27"}],"replies":[{"embeddable":true,"href":"https:\/\/blogs.correiobraziliense.com.br\/servidor\/wp-json\/wp\/v2\/comments?post=1135"}],"version-history":[{"count":1,"href":"https:\/\/blogs.correiobraziliense.com.br\/servidor\/wp-json\/wp\/v2\/posts\/1135\/revisions"}],"predecessor-version":[{"id":1136,"href":"https:\/\/blogs.correiobraziliense.com.br\/servidor\/wp-json\/wp\/v2\/posts\/1135\/revisions\/1136"}],"wp:attachment":[{"href":"https:\/\/blogs.correiobraziliense.com.br\/servidor\/wp-json\/wp\/v2\/media?parent=1135"}],"wp:term":[{"taxonomy":"category","embeddable":true,"href":"https:\/\/blogs.correiobraziliense.com.br\/servidor\/wp-json\/wp\/v2\/categories?post=1135"},{"taxonomy":"post_tag","embeddable":true,"href":"https:\/\/blogs.correiobraziliense.com.br\/servidor\/wp-json\/wp\/v2\/tags?post=1135"}],"curies":[{"name":"wp","href":"https:\/\/api.w.org\/{rel}","templated":true}]}}