{"id":11337,"date":"2018-12-31T10:06:50","date_gmt":"2018-12-31T12:06:50","guid":{"rendered":"https:\/\/blogs.correiobraziliense.com.br\/servidor\/?p=11337"},"modified":"2018-12-31T10:06:50","modified_gmt":"2018-12-31T12:06:50","slug":"para-os-bebes-que-nascem-na-virada-do-ano","status":"publish","type":"post","link":"https:\/\/blogs.correiobraziliense.com.br\/servidor\/para-os-bebes-que-nascem-na-virada-do-ano\/","title":{"rendered":"Para os beb\u00eas que nascem na virada do ano"},"content":{"rendered":"<p><em>A Icatu Seguros destaca a Import\u00e2ncia da previd\u00eancia privada para se pensar no futuro das crian\u00e7as. O projeto &#8216;Beb\u00eas da Virada&#8221; vai dar um plano de previd\u00eancia j\u00e1 aplicados com R$ 2.019,00 para os beb\u00eas que nascerem nas primeiras horas do novo ano<\/em><\/p>\n<p>A campanha \u00e9 muito simples, de acordo com a companhia : beb\u00eas que nascerem no Brasil, de parto normal, entre 0h e 2h do dia 01 de janeiro de 2019 v\u00e3o receber, gratuitamente, um plano de Previd\u00eancia com R$ 2,019 mil investidos. Sem sorteio e sem a necessidade de cadastro pr\u00e9vio, para participar, a fam\u00edlia deve entrar em contato com a Icatu Seguros e apresentar a documenta\u00e7\u00e3o solicitada. Caso o pai ou a m\u00e3e do beb\u00ea j\u00e1 seja cliente Icatu Seguros, a fam\u00edlia recebe o pr\u00eamio em dobro, ou seja, R$ 4,038 mil.<\/p>\n<p>\u201cA expectativa de vida do brasileiro ao nascer aumentou bastante nos \u00faltimos anos e todos esperam usufruir dessa longevidade preservando sua qualidade de vida. Por isso, o planejamento financeiro \u00e9 t\u00e3o importante e pensar o futuro desde cedo, indispens\u00e1vel\u201d, afirma Rafael Caetano, diretor de Marketing e Canais da Icatu Seguros. Tradicionalmente, a Icatu Seguros aproveita o R\u00e9veillon e a chegada dos primeiros beb\u00eas do novo ano para presente\u00e1-los com planos de previd\u00eancia privada.<\/p>\n<p>&#8220;A a\u00e7\u00e3o &#8220;Beb\u00eas da Virada&#8221; acontece desde a passagem de 2014 para 2015 e j\u00e1 beneficiou mais de cem fam\u00edlias.Previd\u00eancia \u00e9 um tema que est\u00e1 bastante em discuss\u00e3o por conta da reforma por parte do governo. Pensar no futuro \u00e9 extremamente importante ainda mais com a expectativa de vida dos brasileiros aumentando cada dia mais. E por que n\u00e3o pensar no futuro no momento em que nasce uma crian\u00e7a? A Icatu Seguros, l\u00edder entre as seguradoras independentes nos segmentos de Vida, Previd\u00eancia e Capitaliza\u00e7\u00e3o, como uma companhia especialista em pessoas e tem como prop\u00f3sito contribuir para a conscientiza\u00e7\u00e3o da sociedade sobre educa\u00e7\u00e3o e equil\u00edbrio financeiro pensa sempre neste tema&#8221;, destacou a empresa.<\/p>\n<p>&nbsp;<\/p>\n","protected":false},"excerpt":{"rendered":"<p>A Icatu Seguros destaca a Import\u00e2ncia da previd\u00eancia privada para se pensar no futuro das crian\u00e7as. O projeto &#8216;Beb\u00eas da Virada&#8221; vai dar um plano de previd\u00eancia j\u00e1 aplicados com R$ 2.019,00 para os beb\u00eas que nascerem nas primeiras horas do novo ano A campanha \u00e9 muito simples, de acordo com a companhia : beb\u00eas que nascerem no Brasil, de [&hellip;]<\/p>\n","protected":false},"author":27,"featured_media":0,"comment_status":"open","ping_status":"closed","sticky":false,"template":"","format":"standard","meta":{"footnotes":""},"categories":[2719],"tags":[3560,14195,86,4017,3444,14198,4898,1551,1200,11918,14196,3,615,549,1295,10070,2064,14197],"class_list":["post-11337","post","type-post","status-publish","format-standard","hentry","category-servidor","tag-aplicados","tag-bebes","tag-cadastro","tag-criancas","tag-documentacao","tag-duturo","tag-familias","tag-financeiro","tag-futuro","tag-longevidade","tag-nascem","tag-planejamento","tag-plano","tag-previdencia","tag-privada","tag-reveillon","tag-sorteio","tag-virada-do-ano"],"_links":{"self":[{"href":"https:\/\/blogs.correiobraziliense.com.br\/servidor\/wp-json\/wp\/v2\/posts\/11337","targetHints":{"allow":["GET"]}}],"collection":[{"href":"https:\/\/blogs.correiobraziliense.com.br\/servidor\/wp-json\/wp\/v2\/posts"}],"about":[{"href":"https:\/\/blogs.correiobraziliense.com.br\/servidor\/wp-json\/wp\/v2\/types\/post"}],"author":[{"embeddable":true,"href":"https:\/\/blogs.correiobraziliense.com.br\/servidor\/wp-json\/wp\/v2\/users\/27"}],"replies":[{"embeddable":true,"href":"https:\/\/blogs.correiobraziliense.com.br\/servidor\/wp-json\/wp\/v2\/comments?post=11337"}],"version-history":[{"count":1,"href":"https:\/\/blogs.correiobraziliense.com.br\/servidor\/wp-json\/wp\/v2\/posts\/11337\/revisions"}],"predecessor-version":[{"id":11338,"href":"https:\/\/blogs.correiobraziliense.com.br\/servidor\/wp-json\/wp\/v2\/posts\/11337\/revisions\/11338"}],"wp:attachment":[{"href":"https:\/\/blogs.correiobraziliense.com.br\/servidor\/wp-json\/wp\/v2\/media?parent=11337"}],"wp:term":[{"taxonomy":"category","embeddable":true,"href":"https:\/\/blogs.correiobraziliense.com.br\/servidor\/wp-json\/wp\/v2\/categories?post=11337"},{"taxonomy":"post_tag","embeddable":true,"href":"https:\/\/blogs.correiobraziliense.com.br\/servidor\/wp-json\/wp\/v2\/tags?post=11337"}],"curies":[{"name":"wp","href":"https:\/\/api.w.org\/{rel}","templated":true}]}}