{"id":11331,"date":"2018-12-28T18:20:05","date_gmt":"2018-12-28T20:20:05","guid":{"rendered":"https:\/\/blogs.correiobraziliense.com.br\/servidor\/?p=11331"},"modified":"2018-12-28T18:20:05","modified_gmt":"2018-12-28T20:20:05","slug":"previc-resolucao-define-inscricao-de-planos-de-previdencia-por-cnpj","status":"publish","type":"post","link":"https:\/\/blogs.correiobraziliense.com.br\/servidor\/previc-resolucao-define-inscricao-de-planos-de-previdencia-por-cnpj\/","title":{"rendered":"Previc &#8211; Resolu\u00e7\u00e3o define inscri\u00e7\u00e3o de planos de previd\u00eancia por CNPJ"},"content":{"rendered":"<p>A\u00a0<b><a href=\"http:\/\/www.previc.gov.br\/regulacao\/normas\/resolucoes\/resolucoes-cnpc\/resolucao-cnpc-no-31-de-11-de-dezembro-de-2018.pdf\/view\" target=\"_blank\" rel=\"noopener\">Resolu\u00e7\u00e3o CNPC n\u00ba 31\/2018<\/a><\/b>, que trata da ado\u00e7\u00e3o de CNPJ para os planos de previd\u00eancia, foi publicada hoje no Di\u00e1rio Oficial da Uni\u00e3o (DOU). A medida, proposta pela Previc e aprovada pelo Conselho Nacional de Previd\u00eancia Complementar (CNPC), permite que cada plano oferecido pelos fundos de pens\u00e3o tenha um CNPJ pr\u00f3prio.<u><\/u><u><\/u><\/p>\n<p>O documento define o prazo final de 31 de dezembro de 2021 para que cada plano de benef\u00edcios operacionalize a medida por meio da inscri\u00e7\u00e3o no CNPJ, conforme regulamenta\u00e7\u00e3o da Secretaria da Receita Federal do Brasil.<u><\/u><u><\/u><\/p>\n<p>De acordo com o diretor-superintendente da Previc, F\u00e1bio Coelho, \u201cO Conselho, de maneira un\u00e2nime, trouxe fundamental prote\u00e7\u00e3o adicional \u00e0 independ\u00eancia patrimonial de planos de benef\u00edcios, o que permitir\u00e1 ao setor um crescimento em bases s\u00f3lidas, mitigando riscos de transfer\u00eancia de renda\u201d.<\/p>\n<p>A iniciativa faz parte da a\u00e7\u00e3o \u201cImplementar moderniza\u00e7\u00e3o, proporcionalidade regulat\u00f3ria e simplifica\u00e7\u00e3o normativa\u201d do\u00a0<a href=\"http:\/\/www.previc.gov.br\/acesso-a-informacao\/acoes-e-programas\/planejamento-estrategico\/plano-de-acao-previc-2017-2018.pdf\/view\" target=\"_blank\" rel=\"noopener\"><b>Plano de A\u00e7\u00e3o 2018-2019 da Previc<\/b>.<\/a><\/p>\n","protected":false},"excerpt":{"rendered":"<p>A\u00a0Resolu\u00e7\u00e3o CNPC n\u00ba 31\/2018, que trata da ado\u00e7\u00e3o de CNPJ para os planos de previd\u00eancia, foi publicada hoje no Di\u00e1rio Oficial da Uni\u00e3o (DOU). A medida, proposta pela Previc e aprovada pelo Conselho Nacional de Previd\u00eancia Complementar (CNPC), permite que cada plano oferecido pelos fundos de pens\u00e3o tenha um CNPJ pr\u00f3prio. O documento define o prazo final de 31 de [&hellip;]<\/p>\n","protected":false},"author":27,"featured_media":0,"comment_status":"open","ping_status":"closed","sticky":false,"template":"","format":"standard","meta":{"footnotes":""},"categories":[2719],"tags":[852,6798,1769,1291,615,953,4978,549,294,923,2300,14181],"class_list":["post-11331","post","type-post","status-publish","format-standard","hentry","category-servidor","tag-beneficios","tag-cnpj","tag-dou","tag-inscricao","tag-plano","tag-planos","tag-previc","tag-previdencia","tag-receita-federal","tag-regulamentacao","tag-resolucao","tag-resolucao-cnpc-31-2018"],"_links":{"self":[{"href":"https:\/\/blogs.correiobraziliense.com.br\/servidor\/wp-json\/wp\/v2\/posts\/11331","targetHints":{"allow":["GET"]}}],"collection":[{"href":"https:\/\/blogs.correiobraziliense.com.br\/servidor\/wp-json\/wp\/v2\/posts"}],"about":[{"href":"https:\/\/blogs.correiobraziliense.com.br\/servidor\/wp-json\/wp\/v2\/types\/post"}],"author":[{"embeddable":true,"href":"https:\/\/blogs.correiobraziliense.com.br\/servidor\/wp-json\/wp\/v2\/users\/27"}],"replies":[{"embeddable":true,"href":"https:\/\/blogs.correiobraziliense.com.br\/servidor\/wp-json\/wp\/v2\/comments?post=11331"}],"version-history":[{"count":1,"href":"https:\/\/blogs.correiobraziliense.com.br\/servidor\/wp-json\/wp\/v2\/posts\/11331\/revisions"}],"predecessor-version":[{"id":11332,"href":"https:\/\/blogs.correiobraziliense.com.br\/servidor\/wp-json\/wp\/v2\/posts\/11331\/revisions\/11332"}],"wp:attachment":[{"href":"https:\/\/blogs.correiobraziliense.com.br\/servidor\/wp-json\/wp\/v2\/media?parent=11331"}],"wp:term":[{"taxonomy":"category","embeddable":true,"href":"https:\/\/blogs.correiobraziliense.com.br\/servidor\/wp-json\/wp\/v2\/categories?post=11331"},{"taxonomy":"post_tag","embeddable":true,"href":"https:\/\/blogs.correiobraziliense.com.br\/servidor\/wp-json\/wp\/v2\/tags?post=11331"}],"curies":[{"name":"wp","href":"https:\/\/api.w.org\/{rel}","templated":true}]}}