{"id":11312,"date":"2018-12-27T14:01:17","date_gmt":"2018-12-27T16:01:17","guid":{"rendered":"https:\/\/blogs.correiobraziliense.com.br\/servidor\/?p=11312"},"modified":"2018-12-27T14:01:17","modified_gmt":"2018-12-27T16:01:17","slug":"com-r-13-bilhao-ainda-disponiveis-saque-do-abono-salarial-2016-termina-nesta-sexta","status":"publish","type":"post","link":"https:\/\/blogs.correiobraziliense.com.br\/servidor\/com-r-13-bilhao-ainda-disponiveis-saque-do-abono-salarial-2016-termina-nesta-sexta\/","title":{"rendered":"Com R$ 1,3 bilh\u00e3o ainda dispon\u00edveis, saque do abono salarial 2016 termina nesta sexta"},"content":{"rendered":"<p><em>Em todo o pa\u00eds, 1,8 milh\u00e3o de trabalhadores com direito a receber at\u00e9 R$ 954 n\u00e3o sacaram benef\u00edcio at\u00e9 novembro, informou o Minist\u00e9rio do Trabalho. A regi\u00e3o com maior percentual de benefici\u00e1rios a receber o abono 2016 \u00e9 a Centro-Oeste, onde 11,63% das pessoas com direito ao recurso ainda n\u00e3o foram sacar o valor<br \/>\n<\/em><\/p>\n<p>Termina nesta sexta-feira (28) o prazo para o saque do abono salarial ano-base 2016. At\u00e9 o \u00faltimo balan\u00e7o, de 30 de novembro, ainda havia R$ 1,3 bilh\u00e3o dispon\u00edvel para 1,8 milh\u00e3o de trabalhadores, o equivalente a 7,46% do total de pessoas com direito ao recurso (<em>veja tabela abaixo<\/em>). Inicialmente, o prazo limite era 29 de junho, mas a prorroga\u00e7\u00e3o foi autorizada em 11 de julho por resolu\u00e7\u00e3o do Conselho Deliberativo do Fundo de Amparo ao Trabalhador (Codefat).<\/p>\n<p><img loading=\"lazy\" decoding=\"async\" class=\"size-full wp-image-11314 alignleft\" src=\"https:\/\/blogs.correiobraziliense.com.br\/servidor\/wp-content\/uploads\/sites\/10\/2018\/12\/image0011.png\" alt=\"\" width=\"609\" height=\"642\" srcset=\"https:\/\/blogs.correiobraziliense.com.br\/servidor\/wp-content\/uploads\/sites\/10\/2018\/12\/image0011.png 609w, https:\/\/blogs.correiobraziliense.com.br\/servidor\/wp-content\/uploads\/sites\/10\/2018\/12\/image0011-285x300.png 285w, https:\/\/blogs.correiobraziliense.com.br\/servidor\/wp-content\/uploads\/sites\/10\/2018\/12\/image0011-332x350.png 332w, https:\/\/blogs.correiobraziliense.com.br\/servidor\/wp-content\/uploads\/sites\/10\/2018\/12\/image0011-550x580.png 550w, https:\/\/blogs.correiobraziliense.com.br\/servidor\/wp-content\/uploads\/sites\/10\/2018\/12\/image0011-230x242.png 230w\" sizes=\"auto, (max-width: 609px) 100vw, 609px\" \/><\/p>\n<p>At\u00e9 a \u00faltima atualiza\u00e7\u00e3o, j\u00e1 haviam sido pagos R$ 16,7 bilh\u00f5es para 22,7 mil trabalhadores. A regi\u00e3o com maior percentual de benefici\u00e1rios a receber o abono 2016 \u00e9 a Centro-Oeste, onde 11,63% das pessoas com direito ao recurso ainda n\u00e3o foram sacar o valor a que t\u00eam direito.<\/p>\n<p>O estado com mais trabalhadores que ainda n\u00e3o retiraram o dinheiro \u00e9 S\u00e3o Paulo. S\u00e3o 410,5 mil pessoas, ou 6,95% do total de benefici\u00e1rios. O valor ainda dispon\u00edvel para esses trabalhadores \u00e9 de mais de R$ 297 milh\u00f5es.<\/p>\n<p>&nbsp;<\/p>\n<p>O Distrito Federal \u00e9 a unidade da federa\u00e7\u00e3o com maior n\u00famero proporcional de benefici\u00e1rios com direito ao saque que ainda n\u00e3o retiraram o valor. Na capital federal, 29,33% est\u00e3o nessa situa\u00e7\u00e3o. S\u00e3o 148,5 mil trabalhadores com R$ 110 milh\u00f5es para retirar.<\/p>\n<p><strong>Direito<\/strong><\/p>\n<p>Tem direito ao abono salarial ano-base 2016 quem estava inscrito no PIS\/Pasep h\u00e1 pelo menos cinco anos, trabalhou formalmente por pelo menos 30 dias em 2016 com remunera\u00e7\u00e3o mensal m\u00e9dia de at\u00e9 dois sal\u00e1rios m\u00ednimos e teve seus dados informados corretamente pelo empregador na Rela\u00e7\u00e3o Anual de Informa\u00e7\u00f5es Sociais (Rais).<\/p>\n<p>A quantia a que cada trabalhador tem direito depende do tempo em que ele trabalhou formalmente em 2016. Quem esteve empregado o ano todo recebe o valor cheio, que equivale a um sal\u00e1rio m\u00ednimo (R$ 954). Quem trabalhou por apenas 30 dias recebe o valor m\u00ednimo, que \u00e9 de 1\/12, e assim sucessivamente.<\/p>\n<p>&nbsp;<\/p>\n<p>Trabalhadores da iniciativa privada devem procurar a Caixa Econ\u00f4mica Federal. A consulta pode ser feita pessoalmente, pela internet ou pelo telefone 0800-726 02 07. Para servidores p\u00fablicos, a refer\u00eancia \u00e9 o Banco do Brasil, que tamb\u00e9m fornece informa\u00e7\u00f5es pessoalmente, pela internet ou pelo telefone 0800-729 00 01.<\/p>\n<p>&nbsp;<\/p>\n<p>&nbsp;<\/p>\n<p>&nbsp;<\/p>\n","protected":false},"excerpt":{"rendered":"<p>Em todo o pa\u00eds, 1,8 milh\u00e3o de trabalhadores com direito a receber at\u00e9 R$ 954 n\u00e3o sacaram benef\u00edcio at\u00e9 novembro, informou o Minist\u00e9rio do Trabalho. A regi\u00e3o com maior percentual de benefici\u00e1rios a receber o abono 2016 \u00e9 a Centro-Oeste, onde 11,63% das pessoas com direito ao recurso ainda n\u00e3o foram sacar o valor Termina nesta sexta-feira (28) o prazo [&hellip;]<\/p>\n","protected":false},"author":27,"featured_media":0,"comment_status":"open","ping_status":"closed","sticky":false,"template":"","format":"standard","meta":{"footnotes":""},"categories":[2719],"tags":[5391,1773,386,701,2586,5154,5661,2190,1174,818,2295,14168,1910],"class_list":["post-11312","post","type-post","status-publish","format-standard","hentry","category-servidor","tag-abono-salarial","tag-banco-do-brasil","tag-beneficio","tag-caixa-economica-federal","tag-codefat","tag-disponivel","tag-ministeiro-do-trabalho","tag-pispasep","tag-prazo","tag-prorrogacao","tag-sacar","tag-sque","tag-trabalhdores"],"_links":{"self":[{"href":"https:\/\/blogs.correiobraziliense.com.br\/servidor\/wp-json\/wp\/v2\/posts\/11312","targetHints":{"allow":["GET"]}}],"collection":[{"href":"https:\/\/blogs.correiobraziliense.com.br\/servidor\/wp-json\/wp\/v2\/posts"}],"about":[{"href":"https:\/\/blogs.correiobraziliense.com.br\/servidor\/wp-json\/wp\/v2\/types\/post"}],"author":[{"embeddable":true,"href":"https:\/\/blogs.correiobraziliense.com.br\/servidor\/wp-json\/wp\/v2\/users\/27"}],"replies":[{"embeddable":true,"href":"https:\/\/blogs.correiobraziliense.com.br\/servidor\/wp-json\/wp\/v2\/comments?post=11312"}],"version-history":[{"count":1,"href":"https:\/\/blogs.correiobraziliense.com.br\/servidor\/wp-json\/wp\/v2\/posts\/11312\/revisions"}],"predecessor-version":[{"id":11315,"href":"https:\/\/blogs.correiobraziliense.com.br\/servidor\/wp-json\/wp\/v2\/posts\/11312\/revisions\/11315"}],"wp:attachment":[{"href":"https:\/\/blogs.correiobraziliense.com.br\/servidor\/wp-json\/wp\/v2\/media?parent=11312"}],"wp:term":[{"taxonomy":"category","embeddable":true,"href":"https:\/\/blogs.correiobraziliense.com.br\/servidor\/wp-json\/wp\/v2\/categories?post=11312"},{"taxonomy":"post_tag","embeddable":true,"href":"https:\/\/blogs.correiobraziliense.com.br\/servidor\/wp-json\/wp\/v2\/tags?post=11312"}],"curies":[{"name":"wp","href":"https:\/\/api.w.org\/{rel}","templated":true}]}}