{"id":113,"date":"2015-03-09T19:19:00","date_gmt":"2015-03-09T22:19:00","guid":{"rendered":"https:\/\/blogs.correiobraziliense.com.br\/servidor\/servidores_do_judiciario_fazem_ato_publico_na_camara_dos_deputados\/"},"modified":"2015-03-09T19:19:00","modified_gmt":"2015-03-09T22:19:00","slug":"servidores_do_judiciario_fazem_ato_publico_na_camara_dos_deputados","status":"publish","type":"post","link":"https:\/\/blogs.correiobraziliense.com.br\/servidor\/servidores_do_judiciario_fazem_ato_publico_na_camara_dos_deputados\/","title":{"rendered":"SERVIDORES DO JUDICI\u00c1RIO FAZEM ATO P\u00daBLICO NA C\u00c2MARA DOS DEPUTADOS"},"content":{"rendered":"<p>O Sindicato da categoria (Sindjus) informou que as manifesta\u00e7\u00f5es ser\u00e3o no Audit\u00f3rio Nereu Ramos, \u00e0s 14h30, pela aprova\u00e7\u00e3o dos PLs 7919 e 7920<b><\/b><b><\/b>&nbsp;O objetivo da atividade \u00e9 debater estrat\u00e9gias para a aprova\u00e7\u00e3o dos projetos de lei que reajustam os sal\u00e1rios dos servidores do Judici\u00e1rio e do MPU e conquistar apoio de deputados e senadores que possam efetivamente ajudar no processo de negocia\u00e7\u00e3o entre Judici\u00e1rio\/MPU e Executivo.     <\/p>\n<p>A assembleia geral da \u00faltima quarta-feira, dia 4, decidiu pela ampla mobiliza\u00e7\u00e3o no Congresso Nacional, dada a imin\u00eancia de vota\u00e7\u00e3o da Lei Or\u00e7ament\u00e1ria Anual (LOA) 2015, que at\u00e9 este momento n\u00e3o conta com a inclus\u00e3o de recursos para o reajuste. Para fortalecer esse trabalho, a diretoria do Sindjus escolheu o Audit\u00f3rio Nereu Ramos, importante palco de debates pol\u00edticos e sociais do pa\u00eds.&nbsp;  &nbsp;  Est\u00e3o convidados para o debate o l\u00edder do governo e as demais lideran\u00e7as partid\u00e1rias, o relator do PL 7920 na CCJC, deputado Arnaldo Faria de S\u00e1, o relator do PL 7919 na CFT, deputado Lucio Vieira Lima, o relator-geral do Or\u00e7amento, senador Romero Juc\u00e1, al\u00e9m do diretor-geral do STF, Amarildo Oliveira, e do secret\u00e1rio-geral da PGR, Lauro Cardoso. Tamb\u00e9m ser\u00e1 convidado o assessor-especial da Secretaria Geral da Presid\u00eancia da Rep\u00fablica, Jos\u00e9 Feij\u00f3o. O Diap tamb\u00e9m far\u00e1 uma an\u00e1lise da conjuntura espec\u00edfica, explicando o processo legislativo nessas mat\u00e9rias e as condi\u00e7\u00f5es para a aprova\u00e7\u00e3o dos projetos de lei.&nbsp;  &nbsp;  Programa\u00e7\u00e3o&nbsp;      14h30 &#8211; Abertura  <\/p>\n<p>  15h &#8211; An\u00e1lise do Processo Legislativo com diretor de documenta\u00e7\u00e3o do DIAP Ant\u00f4nio Augusto Queiroz&nbsp;    Das 15h30 \u00e0s 17h &#8211; Participa\u00e7\u00e3o de parlamentares, representantes do Judici\u00e1rio, MPU e Executivo    17h30 &#8211; Encerramento. <\/p>\n<p>Bras\u00edlia, 19h19min   <\/p>\n","protected":false},"excerpt":{"rendered":"<p>O Sindicato da categoria (Sindjus) informou que as manifesta\u00e7\u00f5es ser\u00e3o no Audit\u00f3rio Nereu Ramos, \u00e0s 14h30, pela aprova\u00e7\u00e3o dos PLs 7919 e 7920&nbsp;O objetivo da atividade \u00e9 debater estrat\u00e9gias para a aprova\u00e7\u00e3o dos projetos de lei que reajustam os sal\u00e1rios dos servidores do Judici\u00e1rio e do MPU e conquistar apoio de deputados e senadores que possam efetivamente ajudar no processo [&hellip;]<\/p>\n","protected":false},"author":27,"featured_media":0,"comment_status":"open","ping_status":"open","sticky":false,"template":"","format":"standard","meta":{"footnotes":""},"categories":[1],"tags":[],"class_list":["post-113","post","type-post","status-publish","format-standard","hentry","category-sem-categoria"],"_links":{"self":[{"href":"https:\/\/blogs.correiobraziliense.com.br\/servidor\/wp-json\/wp\/v2\/posts\/113","targetHints":{"allow":["GET"]}}],"collection":[{"href":"https:\/\/blogs.correiobraziliense.com.br\/servidor\/wp-json\/wp\/v2\/posts"}],"about":[{"href":"https:\/\/blogs.correiobraziliense.com.br\/servidor\/wp-json\/wp\/v2\/types\/post"}],"author":[{"embeddable":true,"href":"https:\/\/blogs.correiobraziliense.com.br\/servidor\/wp-json\/wp\/v2\/users\/27"}],"replies":[{"embeddable":true,"href":"https:\/\/blogs.correiobraziliense.com.br\/servidor\/wp-json\/wp\/v2\/comments?post=113"}],"version-history":[{"count":0,"href":"https:\/\/blogs.correiobraziliense.com.br\/servidor\/wp-json\/wp\/v2\/posts\/113\/revisions"}],"wp:attachment":[{"href":"https:\/\/blogs.correiobraziliense.com.br\/servidor\/wp-json\/wp\/v2\/media?parent=113"}],"wp:term":[{"taxonomy":"category","embeddable":true,"href":"https:\/\/blogs.correiobraziliense.com.br\/servidor\/wp-json\/wp\/v2\/categories?post=113"},{"taxonomy":"post_tag","embeddable":true,"href":"https:\/\/blogs.correiobraziliense.com.br\/servidor\/wp-json\/wp\/v2\/tags?post=113"}],"curies":[{"name":"wp","href":"https:\/\/api.w.org\/{rel}","templated":true}]}}