{"id":11268,"date":"2018-12-13T16:56:29","date_gmt":"2018-12-13T18:56:29","guid":{"rendered":"https:\/\/blogs.correiobraziliense.com.br\/servidor\/?p=11268"},"modified":"2018-12-13T16:56:29","modified_gmt":"2018-12-13T18:56:29","slug":"em-carta-a-equipe-de-transicao-sinal-defende-autonomia-do-bc-e-de-seus-servidores-e-se-declara-contra-fusao","status":"publish","type":"post","link":"https:\/\/blogs.correiobraziliense.com.br\/servidor\/em-carta-a-equipe-de-transicao-sinal-defende-autonomia-do-bc-e-de-seus-servidores-e-se-declara-contra-fusao\/","title":{"rendered":"Em carta \u00e0 equipe de transi\u00e7\u00e3o, Sinal defende autonomia do BC e de seus servidores e se declara contra fus\u00e3o"},"content":{"rendered":"<p><em>O Sindicato Nacional dos Funcion\u00e1rios do Banco Central (Sinal) encaminhou nesta quinta-feira, 13 de dezembro, correspond\u00eancia \u00e0 equipe de transi\u00e7\u00e3o do governo federal, em que defende a autonomia do Banco Central do Brasil e de seu corpo funcional, al\u00e9m de se declarar contra a fus\u00e3o da autarquia e suas carreiras a institui\u00e7\u00f5es ou carreiras cong\u00eaneres<\/em><\/p>\n<p>O documento aponta que o debate sobre a autonomia da autoridade monet\u00e1ria integra a agenda de estudos no \u00e2mbito da categoria h\u00e1, pelo menos, uma d\u00e9cada, contando, inclusive, com a confec\u00e7\u00e3o de minuta de Projeto de Lei Complementar.<\/p>\n<p>Em rela\u00e7\u00e3o \u00e0s mais recentes tratativas no Parlamento, o Sindicato observa que a discuss\u00e3o \u201cn\u00e3o pode estar restrita apenas \u00e0s decis\u00f5es de pol\u00edtica monet\u00e1ria a cargo da diretoria da institui\u00e7\u00e3o, mas tamb\u00e9m albergar o trabalho dos servidores na supervis\u00e3o do Sistema Financeiro Nacional\u201d. Ainda acrescenta que s\u00e3o necess\u00e1rias regulamenta\u00e7\u00f5es no que tange a prerrogativas e atribui\u00e7\u00f5es dos agentes p\u00fablicos.<\/p>\n<p>Diante do contexto de busca do fortalecimento institucional da autarquia, o Sinal afirma sua discord\u00e2ncia com qualquer projeto que tenha por objetivo unificar o \u00f3rg\u00e3o ou seu efetivo com outros \u00f3rg\u00e3os ou outras carreiras. \u201cO trabalho na autoridade monet\u00e1ria \u00e9 de grande especificidade, seus servidores comp\u00f5em um corpo t\u00e9cnico altamente qualificado e t\u00eam sido respons\u00e1veis pelo cumprimento da miss\u00e3o da autarquia\u201d, argumenta trecho da correspond\u00eancia.<\/p>\n<p>Por fim, o Sindicato destaca a import\u00e2ncia de que as mudan\u00e7as necess\u00e1rias \u00e0 atual estrutura das carreiras fa\u00e7am parte do arcabou\u00e7o do projeto de autonomia do BC. \u201cN\u00e3o h\u00e1 institui\u00e7\u00e3o forte a servi\u00e7o do pa\u00eds sem um corpo de servidores dedicados, capacitados e com poderes para exercer seu mister\u201d, conclui.<\/p>\n","protected":false},"excerpt":{"rendered":"<p>O Sindicato Nacional dos Funcion\u00e1rios do Banco Central (Sinal) encaminhou nesta quinta-feira, 13 de dezembro, correspond\u00eancia \u00e0 equipe de transi\u00e7\u00e3o do governo federal, em que defende a autonomia do Banco Central do Brasil e de seu corpo funcional, al\u00e9m de se declarar contra a fus\u00e3o da autarquia e suas carreiras a institui\u00e7\u00f5es ou carreiras cong\u00eaneres O documento aponta que o [&hellip;]<\/p>\n","protected":false},"author":27,"featured_media":0,"comment_status":"open","ping_status":"closed","sticky":false,"template":"","format":"standard","meta":{"footnotes":""},"categories":[2719],"tags":[5662,1308,1236,1818,55,301,3171,124,5346,98,58,1760,2226],"class_list":["post-11268","post","type-post","status-publish","format-standard","hentry","category-servidor","tag-autarquia","tag-autonomia","tag-banco-central","tag-bc","tag-carreiras","tag-carta","tag-equipe","tag-federal","tag-fusao","tag-governo","tag-servidores","tag-sinal","tag-transicao"],"_links":{"self":[{"href":"https:\/\/blogs.correiobraziliense.com.br\/servidor\/wp-json\/wp\/v2\/posts\/11268","targetHints":{"allow":["GET"]}}],"collection":[{"href":"https:\/\/blogs.correiobraziliense.com.br\/servidor\/wp-json\/wp\/v2\/posts"}],"about":[{"href":"https:\/\/blogs.correiobraziliense.com.br\/servidor\/wp-json\/wp\/v2\/types\/post"}],"author":[{"embeddable":true,"href":"https:\/\/blogs.correiobraziliense.com.br\/servidor\/wp-json\/wp\/v2\/users\/27"}],"replies":[{"embeddable":true,"href":"https:\/\/blogs.correiobraziliense.com.br\/servidor\/wp-json\/wp\/v2\/comments?post=11268"}],"version-history":[{"count":1,"href":"https:\/\/blogs.correiobraziliense.com.br\/servidor\/wp-json\/wp\/v2\/posts\/11268\/revisions"}],"predecessor-version":[{"id":11269,"href":"https:\/\/blogs.correiobraziliense.com.br\/servidor\/wp-json\/wp\/v2\/posts\/11268\/revisions\/11269"}],"wp:attachment":[{"href":"https:\/\/blogs.correiobraziliense.com.br\/servidor\/wp-json\/wp\/v2\/media?parent=11268"}],"wp:term":[{"taxonomy":"category","embeddable":true,"href":"https:\/\/blogs.correiobraziliense.com.br\/servidor\/wp-json\/wp\/v2\/categories?post=11268"},{"taxonomy":"post_tag","embeddable":true,"href":"https:\/\/blogs.correiobraziliense.com.br\/servidor\/wp-json\/wp\/v2\/tags?post=11268"}],"curies":[{"name":"wp","href":"https:\/\/api.w.org\/{rel}","templated":true}]}}