{"id":11265,"date":"2018-12-11T18:54:49","date_gmt":"2018-12-11T20:54:49","guid":{"rendered":"https:\/\/blogs.correiobraziliense.com.br\/servidor\/?p=11265"},"modified":"2018-12-11T18:54:49","modified_gmt":"2018-12-11T20:54:49","slug":"wagner-siqueira-recebera-a-medalha-da-ordem-do-merito-do-trabalho-getulio-vargas","status":"publish","type":"post","link":"https:\/\/blogs.correiobraziliense.com.br\/servidor\/wagner-siqueira-recebera-a-medalha-da-ordem-do-merito-do-trabalho-getulio-vargas\/","title":{"rendered":"Wagner Siqueira receber\u00e1 a medalha da Ordem do M\u00e9rito do Trabalho Get\u00falio Vargas"},"content":{"rendered":"<p><em>O presidente do Conselho Federal de Administra\u00e7\u00e3o (CFA), Wagner Siqueira, recebe, amah\u00e3 (12\/12), em Bras\u00edlia (DF), a medalha da Ordem do M\u00e9rito do Trabalho Get\u00falio Vargas. A condecora\u00e7\u00e3o ser\u00e1 entregue pelo Ministro do Trabalho, Caio Luiz de Almeida Vieira de Mello, em reconhecimento ao relevo dos trabalhos desenvolvidos pela autarquia<\/em><\/p>\n<p>A Ordem do M\u00e9rito do Trabalho Get\u00falio Vargas \u00e9 conferida a empregadores, trabalhadores, servidores p\u00fablicos, personalidades e institui\u00e7\u00f5es nacionais e estrangeiras por sua atua\u00e7\u00e3o no desenvolvimento do campo de trabalho, na produ\u00e7\u00e3o do bem-estar social, especialmente em prol da produtividade, da organiza\u00e7\u00e3o sindical, do justo sal\u00e1rio, da coloca\u00e7\u00e3o de m\u00e3o de obra, da qualifica\u00e7\u00e3o profissional, da sa\u00fade e da seguran\u00e7a do trabalho.<\/p>\n<p><img loading=\"lazy\" decoding=\"async\" class=\"size-full wp-image-11266 aligncenter\" src=\"https:\/\/blogs.correiobraziliense.com.br\/servidor\/wp-content\/uploads\/sites\/10\/2018\/12\/wsiqueira.png\" alt=\"\" width=\"568\" height=\"523\" srcset=\"https:\/\/blogs.correiobraziliense.com.br\/servidor\/wp-content\/uploads\/sites\/10\/2018\/12\/wsiqueira.png 568w, https:\/\/blogs.correiobraziliense.com.br\/servidor\/wp-content\/uploads\/sites\/10\/2018\/12\/wsiqueira-300x276.png 300w, https:\/\/blogs.correiobraziliense.com.br\/servidor\/wp-content\/uploads\/sites\/10\/2018\/12\/wsiqueira-350x322.png 350w, https:\/\/blogs.correiobraziliense.com.br\/servidor\/wp-content\/uploads\/sites\/10\/2018\/12\/wsiqueira-550x506.png 550w, https:\/\/blogs.correiobraziliense.com.br\/servidor\/wp-content\/uploads\/sites\/10\/2018\/12\/wsiqueira-230x212.png 230w\" sizes=\"auto, (max-width: 568px) 100vw, 568px\" \/><\/p>\n<p><strong>Quem \u00e9 Wagner Siqueira<\/strong><\/p>\n<p>Wagner \u00e9 filho de Belmiro Siqueira (patrono dos Administradores no Brasil) e, durante os \u00faltimos seis anos (2011-2016), foi presidente do Conselho Regional de Administra\u00e7\u00e3o do Rio de Janeiro (CRA-RJ), onde empreendeu uma firme e ampla luta em defesa do mercado de trabalho dos Administradores e dos Tecn\u00f3logos de Gest\u00e3o. Seus posicionamentos no campo pol\u00edtico-institucional, sempre independentes, lhe garantem a lideran\u00e7a da profiss\u00e3o em todo o Brasil. \u00c9 o Diretor-Geral da Universidade Corporativa do Administrador (UCAdm), bra\u00e7o educacional do CRA-RJ.<\/p>\n<p>Eleito Conselheiro Federal pelo estado do Rio de Janeiro para o bi\u00eanio 2017-2018, essa \u00e9 a primeira vez que Wagner passa a compor o plen\u00e1rio do CFA e, j\u00e1 na sua estreia na casa, ser\u00e1 o l\u00edder da autarquia. Al\u00e9m de uma forte atua\u00e7\u00e3o no Sistema CFA\/CRAs, o novo presidente do CFA \u00e9 autor de livros, artigos, atuou em sindicatos e entidades de classe e, na vida pol\u00edtica, foi vereador, deputado estadual e teve ampla atua\u00e7\u00e3o no servi\u00e7o p\u00fablico.<\/p>\n","protected":false},"excerpt":{"rendered":"<p>O presidente do Conselho Federal de Administra\u00e7\u00e3o (CFA), Wagner Siqueira, recebe, amah\u00e3 (12\/12), em Bras\u00edlia (DF), a medalha da Ordem do M\u00e9rito do Trabalho Get\u00falio Vargas. A condecora\u00e7\u00e3o ser\u00e1 entregue pelo Ministro do Trabalho, Caio Luiz de Almeida Vieira de Mello, em reconhecimento ao relevo dos trabalhos desenvolvidos pela autarquia A Ordem do M\u00e9rito do Trabalho Get\u00falio Vargas \u00e9 conferida [&hellip;]<\/p>\n","protected":false},"author":27,"featured_media":0,"comment_status":"open","ping_status":"closed","sticky":false,"template":"","format":"standard","meta":{"footnotes":""},"categories":[2719],"tags":[14126,3355,2745,4791,14124,2841,200,14125,14127,4167,1136,3793,643,616,208,1579,19,14123],"class_list":["post-11265","post","type-post","status-publish","format-standard","hentry","category-servidor","tag-bem-estar-social","tag-desenvolvimento","tag-empregadores","tag-estrangeiras","tag-medalha","tag-ministerio-do-trabalho","tag-nacionais","tag-ordem-do-merito-do-trabalho-getulio-vargas","tag-organizacao-sindical","tag-personalidades","tag-produtividade","tag-qualificacao","tag-salario","tag-saude","tag-seguranca","tag-servidores-publicos","tag-trabalhadores","tag-wagner-siqueira"],"_links":{"self":[{"href":"https:\/\/blogs.correiobraziliense.com.br\/servidor\/wp-json\/wp\/v2\/posts\/11265","targetHints":{"allow":["GET"]}}],"collection":[{"href":"https:\/\/blogs.correiobraziliense.com.br\/servidor\/wp-json\/wp\/v2\/posts"}],"about":[{"href":"https:\/\/blogs.correiobraziliense.com.br\/servidor\/wp-json\/wp\/v2\/types\/post"}],"author":[{"embeddable":true,"href":"https:\/\/blogs.correiobraziliense.com.br\/servidor\/wp-json\/wp\/v2\/users\/27"}],"replies":[{"embeddable":true,"href":"https:\/\/blogs.correiobraziliense.com.br\/servidor\/wp-json\/wp\/v2\/comments?post=11265"}],"version-history":[{"count":1,"href":"https:\/\/blogs.correiobraziliense.com.br\/servidor\/wp-json\/wp\/v2\/posts\/11265\/revisions"}],"predecessor-version":[{"id":11267,"href":"https:\/\/blogs.correiobraziliense.com.br\/servidor\/wp-json\/wp\/v2\/posts\/11265\/revisions\/11267"}],"wp:attachment":[{"href":"https:\/\/blogs.correiobraziliense.com.br\/servidor\/wp-json\/wp\/v2\/media?parent=11265"}],"wp:term":[{"taxonomy":"category","embeddable":true,"href":"https:\/\/blogs.correiobraziliense.com.br\/servidor\/wp-json\/wp\/v2\/categories?post=11265"},{"taxonomy":"post_tag","embeddable":true,"href":"https:\/\/blogs.correiobraziliense.com.br\/servidor\/wp-json\/wp\/v2\/tags?post=11265"}],"curies":[{"name":"wp","href":"https:\/\/api.w.org\/{rel}","templated":true}]}}