{"id":11263,"date":"2018-12-11T17:31:05","date_gmt":"2018-12-11T19:31:05","guid":{"rendered":"https:\/\/blogs.correiobraziliense.com.br\/servidor\/?p=11263"},"modified":"2018-12-11T17:31:05","modified_gmt":"2018-12-11T19:31:05","slug":"escriturarios-do-banco-do-brasil-podem-ocupar-para-cargo-de-nivel-superior","status":"publish","type":"post","link":"https:\/\/blogs.correiobraziliense.com.br\/servidor\/escriturarios-do-banco-do-brasil-podem-ocupar-para-cargo-de-nivel-superior\/","title":{"rendered":"Escritur\u00e1rios do Banco do Brasil podem ocupar para cargo de n\u00edvel superior"},"content":{"rendered":"<p><em>O ministro Marco Aur\u00e9lio Mello, do Supremo Tribunal Federal (STF), aceitou pedido do Banco do Brasil para manter as designa\u00e7\u00f5es de escritur\u00e1rios para cargos de n\u00edvel superior, que haviam sido anuladas pelo Tribunal Regional do Trabalho do Distrito Federal e Tocantins (TRT-10) a pedido do Minist\u00e9rio P\u00fablico do Trabalho (MPT)<\/em><\/p>\n<p>A determina\u00e7\u00e3o do TRT-10 desconsiderou decis\u00e3o anterior do ministro do STF Gilmar Mendes que suspendeu todos os casos relacionados a concurso p\u00fablico, j\u00e1 que est\u00e1 em discuss\u00e3o no Judici\u00e1rio a compet\u00eancia para decidir sobre admiss\u00e3o e sele\u00e7\u00e3o de pessoal para ocupa\u00e7\u00e3o de emprego p\u00fablico: se da justi\u00e7a comum ou da justi\u00e7a especializada.<\/p>\n<p>O advogado Jos\u00e9 Alberto Couto Maciel, da Advocacia Maciel, que representou o Banco do Brasil no caso, ressalta que \u201cos empregados que ocupam cargo de n\u00edvel superior n\u00e3o sofrer\u00e3o qualquer efeito de senten\u00e7a ou tutela antecipada para perderem os cargos, e os cargos comissionados podem ser preenchidos na forma com que sempre vinha sendo feito\u201d.<\/p>\n","protected":false},"excerpt":{"rendered":"<p>O ministro Marco Aur\u00e9lio Mello, do Supremo Tribunal Federal (STF), aceitou pedido do Banco do Brasil para manter as designa\u00e7\u00f5es de escritur\u00e1rios para cargos de n\u00edvel superior, que haviam sido anuladas pelo Tribunal Regional do Trabalho do Distrito Federal e Tocantins (TRT-10) a pedido do Minist\u00e9rio P\u00fablico do Trabalho (MPT) A determina\u00e7\u00e3o do TRT-10 desconsiderou decis\u00e3o anterior do ministro do [&hellip;]<\/p>\n","protected":false},"author":27,"featured_media":0,"comment_status":"open","ping_status":"closed","sticky":false,"template":"","format":"standard","meta":{"footnotes":""},"categories":[2719],"tags":[1773,300,5997,14121,9949,14122,260,3474,309,34,7163],"class_list":["post-11263","post","type-post","status-publish","format-standard","hentry","category-servidor","tag-banco-do-brasil","tag-cargo","tag-comum","tag-emprego-publico","tag-escriturarios","tag-especializada","tag-justica","tag-mpt","tag-nivel-superior","tag-stf","tag-trt-10"],"_links":{"self":[{"href":"https:\/\/blogs.correiobraziliense.com.br\/servidor\/wp-json\/wp\/v2\/posts\/11263","targetHints":{"allow":["GET"]}}],"collection":[{"href":"https:\/\/blogs.correiobraziliense.com.br\/servidor\/wp-json\/wp\/v2\/posts"}],"about":[{"href":"https:\/\/blogs.correiobraziliense.com.br\/servidor\/wp-json\/wp\/v2\/types\/post"}],"author":[{"embeddable":true,"href":"https:\/\/blogs.correiobraziliense.com.br\/servidor\/wp-json\/wp\/v2\/users\/27"}],"replies":[{"embeddable":true,"href":"https:\/\/blogs.correiobraziliense.com.br\/servidor\/wp-json\/wp\/v2\/comments?post=11263"}],"version-history":[{"count":1,"href":"https:\/\/blogs.correiobraziliense.com.br\/servidor\/wp-json\/wp\/v2\/posts\/11263\/revisions"}],"predecessor-version":[{"id":11264,"href":"https:\/\/blogs.correiobraziliense.com.br\/servidor\/wp-json\/wp\/v2\/posts\/11263\/revisions\/11264"}],"wp:attachment":[{"href":"https:\/\/blogs.correiobraziliense.com.br\/servidor\/wp-json\/wp\/v2\/media?parent=11263"}],"wp:term":[{"taxonomy":"category","embeddable":true,"href":"https:\/\/blogs.correiobraziliense.com.br\/servidor\/wp-json\/wp\/v2\/categories?post=11263"},{"taxonomy":"post_tag","embeddable":true,"href":"https:\/\/blogs.correiobraziliense.com.br\/servidor\/wp-json\/wp\/v2\/tags?post=11263"}],"curies":[{"name":"wp","href":"https:\/\/api.w.org\/{rel}","templated":true}]}}