{"id":11258,"date":"2018-12-11T12:54:46","date_gmt":"2018-12-11T14:54:46","guid":{"rendered":"https:\/\/blogs.correiobraziliense.com.br\/servidor\/?p=11258"},"modified":"2018-12-11T12:54:46","modified_gmt":"2018-12-11T14:54:46","slug":"inmetro-45-anos-a-servico-da-sociedade","status":"publish","type":"post","link":"https:\/\/blogs.correiobraziliense.com.br\/servidor\/inmetro-45-anos-a-servico-da-sociedade\/","title":{"rendered":"Inmetro 45 anos a Servi\u00e7o da Sociedade"},"content":{"rendered":"<p><em>&#8220;Temos plena consci\u00eancia de sermos um \u00f3rg\u00e3o \u00fanico na administra\u00e7\u00e3o p\u00fablica, exercendo n\u00e3o s\u00f3 as atividades de Estado a n\u00f3s delegadas, como tamb\u00e9m sempre na vanguarda da tecnologia, no que tange \u00e0 metrologia e qualidade. Desafios? V\u00e1rios. Trabalho? Muito. Medo? Pelo contr\u00e1rio: ansiedade, compet\u00eancia e paix\u00e3o. Nossa institui\u00e7\u00e3o sempre procurou ocupar posi\u00e7\u00f5es de destaque tanto no cen\u00e1rio nacional quanto internacional, buscando transmitir dois conceitos que, para n\u00f3s, s\u00e3o a base de nossa exist\u00eancia: confian\u00e7a e qualidade. Lembramo-nos do passado com gratid\u00e3o, alegramo-nos com o presente e encaramos o futuro sem medo, afinal de contas, AQUI \u00c9 INMETRO!&#8221;<\/em><\/p>\n<p><em><strong>S\u00e9rgio Ballerini*<\/strong><\/em><\/p>\n<p>Hoje (11\/12\/208) com certeza \u00e9 um dos dias mais importantes da hist\u00f3ria de nossa institui\u00e7\u00e3o: a comemora\u00e7\u00e3o dos 45 anos desde a cria\u00e7\u00e3o do Inmetro.<\/p>\n<p>Aproveito esta ocasi\u00e3o para enaltecer nosso maior patrim\u00f4nio: os servidores. Ao longo de toda hist\u00f3ria desta institui\u00e7\u00e3o, passaram, est\u00e3o e passar\u00e3o por aqui abnegados, g\u00eanios, um tanto loucos &#8211; pois s\u00f3 loucos por esta institui\u00e7\u00e3o executariam suas atividades com tanto afinco e desprendimento &#8211; que foram, s\u00e3o e ser\u00e3o respons\u00e1veis por tornarem e manter esta institui\u00e7\u00e3o um centro de excel\u00eancia no mundo.<\/p>\n<p>Esta institui\u00e7\u00e3o sempre esteve calcada em valores que para n\u00f3s, servidores, s\u00e3o p\u00e9treos: amor, profissionalismo, lealdade \u00e0 coisa p\u00fablica, compet\u00eancia, participa\u00e7\u00e3o, constante inova\u00e7\u00e3o. Como sempre dissemos: n\u00e3o somos perfeitos. A perfei\u00e7\u00e3o n\u00e3o evolui, n\u00e3o se reinventa, n\u00e3o cresce.<\/p>\n<p>Nossa vida profissional certamente n\u00e3o seria t\u00e3o rica e gratificante se n\u00e3o existissem obst\u00e1culos a superar, t\u00e3o certo quanto o cume ensolarado de uma montanha, n\u00e3o seria t\u00e3o maravilhoso se n\u00e3o existissem vales sombrios a atravessar.<\/p>\n<p>Temos plena consci\u00eancia de sermos um \u00f3rg\u00e3o \u00fanico na administra\u00e7\u00e3o p\u00fablica, exercendo n\u00e3o s\u00f3 as atividades de Estado a n\u00f3s delegadas, como tamb\u00e9m sempre na vanguarda da tecnologia, no que tange \u00e0 metrologia e qualidade.<\/p>\n<p>Os desafios a n\u00f3s impostos, e s\u00e3o muitos, sempre foram e continuam sendo superados, porque nossa institui\u00e7\u00e3o sempre contou com um diferencial estrat\u00e9gico: os servidores. O fator humano sempre foi fundamental para a excel\u00eancia dos servi\u00e7os prestados por esta casa e continua sendo nossa &#8220;cereja no bolo&#8221;. A renova\u00e7\u00e3o do quadro funcional propiciou a oxigena\u00e7\u00e3o necess\u00e1ria para mantermos o f\u00f4lego e, mesclada com a experi\u00eancia e o know-how das gera\u00e7\u00f5es mais antigas, forma a liga que sedimentar\u00e1 ainda mais nossa estrutura, pavimentando os caminhos que teremos de desbravar nos pr\u00f3ximos anos.<\/p>\n<p>Desafios? V\u00e1rios. Trabalho? Muito. Medo? Pelo contr\u00e1rio: ansiedade, compet\u00eancia e paix\u00e3o. Nossa institui\u00e7\u00e3o sempre procurou ocupar posi\u00e7\u00f5es de destaque tanto no cen\u00e1rio nacional quanto internacional, buscando transmitir dois conceitos que, para n\u00f3s, s\u00e3o a base de nossa exist\u00eancia: confian\u00e7a e qualidade. Lembramo-nos do passado com gratid\u00e3o, alegramo-nos com o presente e encaramos o futuro sem medo, afinal de contas, AQUI \u00c9 INMETRO!<\/p>\n<p>Que venham os pr\u00f3ximos 45 anos.<\/p>\n<p>Com a moderniza\u00e7\u00e3o do Inmetro, estaremos aqui prontos para enfrentar os novos desafios com a mesma dedica\u00e7\u00e3o e maestria que sempre apresentamos. Afinal, excel\u00eancia, supera\u00e7\u00e3o, inova\u00e7\u00e3o e moderniza\u00e7\u00e3o sempre tiveram um sin\u00f4nimo: Inmetro.<\/p>\n<p>*S\u00e9rgio Ballerini<br \/>\nAnalista Executivo em Metrologia e Qualidade<br \/>\nPresidente do ASMETRO-SN&#8221;<\/p>\n","protected":false},"excerpt":{"rendered":"<p>&#8220;Temos plena consci\u00eancia de sermos um \u00f3rg\u00e3o \u00fanico na administra\u00e7\u00e3o p\u00fablica, exercendo n\u00e3o s\u00f3 as atividades de Estado a n\u00f3s delegadas, como tamb\u00e9m sempre na vanguarda da tecnologia, no que tange \u00e0 metrologia e qualidade. Desafios? V\u00e1rios. Trabalho? Muito. Medo? Pelo contr\u00e1rio: ansiedade, compet\u00eancia e paix\u00e3o. Nossa institui\u00e7\u00e3o sempre procurou ocupar posi\u00e7\u00f5es de destaque tanto no cen\u00e1rio nacional quanto internacional, [&hellip;]<\/p>\n","protected":false},"author":27,"featured_media":0,"comment_status":"open","ping_status":"closed","sticky":false,"template":"","format":"standard","meta":{"footnotes":""},"categories":[2719],"tags":[14116,463,2852,6334,943,485,1071,14115,70,787,4504,8458],"class_list":["post-11258","post","type-post","status-publish","format-standard","hentry","category-servidor","tag-asmetro","tag-atividades","tag-competencia","tag-destaque","tag-estados","tag-inmetro","tag-internacional","tag-metrologia","tag-nacional","tag-qualidade","tag-tecnologia","tag-vanguarda"],"_links":{"self":[{"href":"https:\/\/blogs.correiobraziliense.com.br\/servidor\/wp-json\/wp\/v2\/posts\/11258","targetHints":{"allow":["GET"]}}],"collection":[{"href":"https:\/\/blogs.correiobraziliense.com.br\/servidor\/wp-json\/wp\/v2\/posts"}],"about":[{"href":"https:\/\/blogs.correiobraziliense.com.br\/servidor\/wp-json\/wp\/v2\/types\/post"}],"author":[{"embeddable":true,"href":"https:\/\/blogs.correiobraziliense.com.br\/servidor\/wp-json\/wp\/v2\/users\/27"}],"replies":[{"embeddable":true,"href":"https:\/\/blogs.correiobraziliense.com.br\/servidor\/wp-json\/wp\/v2\/comments?post=11258"}],"version-history":[{"count":1,"href":"https:\/\/blogs.correiobraziliense.com.br\/servidor\/wp-json\/wp\/v2\/posts\/11258\/revisions"}],"predecessor-version":[{"id":11259,"href":"https:\/\/blogs.correiobraziliense.com.br\/servidor\/wp-json\/wp\/v2\/posts\/11258\/revisions\/11259"}],"wp:attachment":[{"href":"https:\/\/blogs.correiobraziliense.com.br\/servidor\/wp-json\/wp\/v2\/media?parent=11258"}],"wp:term":[{"taxonomy":"category","embeddable":true,"href":"https:\/\/blogs.correiobraziliense.com.br\/servidor\/wp-json\/wp\/v2\/categories?post=11258"},{"taxonomy":"post_tag","embeddable":true,"href":"https:\/\/blogs.correiobraziliense.com.br\/servidor\/wp-json\/wp\/v2\/tags?post=11258"}],"curies":[{"name":"wp","href":"https:\/\/api.w.org\/{rel}","templated":true}]}}