{"id":11242,"date":"2018-12-07T20:30:18","date_gmt":"2018-12-07T22:30:18","guid":{"rendered":"https:\/\/blogs.correiobraziliense.com.br\/servidor\/?p=11242"},"modified":"2018-12-07T20:30:18","modified_gmt":"2018-12-07T22:30:18","slug":"carvalhosa-pede-impeachment-de-lewandowski","status":"publish","type":"post","link":"https:\/\/blogs.correiobraziliense.com.br\/servidor\/carvalhosa-pede-impeachment-de-lewandowski\/","title":{"rendered":"Carvalhosa pede impeachment de Lewandowski"},"content":{"rendered":"<p><em>Com a acusa\u00e7\u00e3o de abuso de poder, o\u00a0 advogado Modesto Carvalhosa protocolou na tarde de hoje no Senado um pedido de destitui\u00e7\u00e3o do cargo de ministro do Supremo Tribunal Fede (STF) de Ricardo Lewandowski.<\/em><\/p>\n<p>O pedido se refere \u00e0 atitude Lewandowski, na ter\u00e7a-feira, durante voo de S\u00e3o Paulo a Bras\u00edlia, contra o advogado Cristiano Acioli, lhe abordou e\u00a0 disse que o \u201cO Supremo \u00e9 uma vergonha.\u201d O ministro chamou a Policia Federal e o advogado foi levado \u00e0 Superintend\u00eancia Regional, onde foi lavrada a ocorr\u00eancia.<\/p>\n<p>Carvalhosa j\u00e1 entrou, anteriormente, com semelhantes pedidos contra os ministros Dias Toffolli (cuja posse na presid\u00eancia do STF tamb\u00e9m tentou impedir) e Gilmar Mendes. \u201cO STF perdeu sua reputa\u00e7\u00e3o perante o povo brasileiro. S\u00e3o 200 milh\u00f5es de pessoas que acham o STF uma vergonha. Lewandowsi precisa mandar prender 200 milh\u00f5es de pessoas. Quando uma pessoa perde a reputa\u00e7\u00e3o n\u00e3o tem jeito\u201d, afirmou Carvalhosa<\/p>\n<p>Veja o documento:<\/p>\n<p><img loading=\"lazy\" decoding=\"async\" class=\"size-large wp-image-11243 aligncenter\" src=\"https:\/\/blogs.correiobraziliense.com.br\/servidor\/wp-content\/uploads\/sites\/10\/2018\/12\/destitui\u00e7\u00e3o-lewandowski-576x1024.jpg\" alt=\"\" width=\"576\" height=\"1024\" srcset=\"https:\/\/blogs.correiobraziliense.com.br\/servidor\/wp-content\/uploads\/sites\/10\/2018\/12\/destitui\u00e7\u00e3o-lewandowski-576x1024.jpg 576w, https:\/\/blogs.correiobraziliense.com.br\/servidor\/wp-content\/uploads\/sites\/10\/2018\/12\/destitui\u00e7\u00e3o-lewandowski-169x300.jpg 169w, https:\/\/blogs.correiobraziliense.com.br\/servidor\/wp-content\/uploads\/sites\/10\/2018\/12\/destitui\u00e7\u00e3o-lewandowski-197x350.jpg 197w, https:\/\/blogs.correiobraziliense.com.br\/servidor\/wp-content\/uploads\/sites\/10\/2018\/12\/destitui\u00e7\u00e3o-lewandowski-550x977.jpg 550w, https:\/\/blogs.correiobraziliense.com.br\/servidor\/wp-content\/uploads\/sites\/10\/2018\/12\/destitui\u00e7\u00e3o-lewandowski-230x409.jpg 230w, https:\/\/blogs.correiobraziliense.com.br\/servidor\/wp-content\/uploads\/sites\/10\/2018\/12\/destitui\u00e7\u00e3o-lewandowski.jpg 581w\" sizes=\"auto, (max-width: 576px) 100vw, 576px\" \/><\/p>\n<p>&nbsp;<\/p>\n","protected":false},"excerpt":{"rendered":"<p>Com a acusa\u00e7\u00e3o de abuso de poder, o\u00a0 advogado Modesto Carvalhosa protocolou na tarde de hoje no Senado um pedido de destitui\u00e7\u00e3o do cargo de ministro do Supremo Tribunal Fede (STF) de Ricardo Lewandowski. O pedido se refere \u00e0 atitude Lewandowski, na ter\u00e7a-feira, durante voo de S\u00e3o Paulo a Bras\u00edlia, contra o advogado Cristiano Acioli, lhe abordou e\u00a0 disse que [&hellip;]<\/p>\n","protected":false},"author":27,"featured_media":0,"comment_status":"open","ping_status":"closed","sticky":false,"template":"","format":"standard","meta":{"footnotes":""},"categories":[2719],"tags":[14105,4291,14106,35,14104,104,10477,34,1858,6579],"class_list":["post-11242","post","type-post","status-publish","format-standard","hentry","category-servidor","tag-abuso-de-poder","tag-advogado","tag-impechament","tag-ministro","tag-modesto-carvalhosa","tag-policia-federal","tag-ricardo-lewandowski","tag-stf","tag-supremo","tag-vergonha"],"_links":{"self":[{"href":"https:\/\/blogs.correiobraziliense.com.br\/servidor\/wp-json\/wp\/v2\/posts\/11242","targetHints":{"allow":["GET"]}}],"collection":[{"href":"https:\/\/blogs.correiobraziliense.com.br\/servidor\/wp-json\/wp\/v2\/posts"}],"about":[{"href":"https:\/\/blogs.correiobraziliense.com.br\/servidor\/wp-json\/wp\/v2\/types\/post"}],"author":[{"embeddable":true,"href":"https:\/\/blogs.correiobraziliense.com.br\/servidor\/wp-json\/wp\/v2\/users\/27"}],"replies":[{"embeddable":true,"href":"https:\/\/blogs.correiobraziliense.com.br\/servidor\/wp-json\/wp\/v2\/comments?post=11242"}],"version-history":[{"count":1,"href":"https:\/\/blogs.correiobraziliense.com.br\/servidor\/wp-json\/wp\/v2\/posts\/11242\/revisions"}],"predecessor-version":[{"id":11244,"href":"https:\/\/blogs.correiobraziliense.com.br\/servidor\/wp-json\/wp\/v2\/posts\/11242\/revisions\/11244"}],"wp:attachment":[{"href":"https:\/\/blogs.correiobraziliense.com.br\/servidor\/wp-json\/wp\/v2\/media?parent=11242"}],"wp:term":[{"taxonomy":"category","embeddable":true,"href":"https:\/\/blogs.correiobraziliense.com.br\/servidor\/wp-json\/wp\/v2\/categories?post=11242"},{"taxonomy":"post_tag","embeddable":true,"href":"https:\/\/blogs.correiobraziliense.com.br\/servidor\/wp-json\/wp\/v2\/tags?post=11242"}],"curies":[{"name":"wp","href":"https:\/\/api.w.org\/{rel}","templated":true}]}}