{"id":1124,"date":"2016-02-29T12:38:45","date_gmt":"2016-02-29T15:38:45","guid":{"rendered":"https:\/\/blogs.correiobraziliense.com.br\/servidor\/?p=1124"},"modified":"2016-02-29T12:38:45","modified_gmt":"2016-02-29T15:38:45","slug":"centrais-sindicais-farao-ato-contra-juros-altos-amanha","status":"publish","type":"post","link":"https:\/\/blogs.correiobraziliense.com.br\/servidor\/centrais-sindicais-farao-ato-contra-juros-altos-amanha\/","title":{"rendered":"CENTRAIS SINDICAIS FAR\u00c3O ATO CONTRA JUROS ALTOS AMANH\u00c3"},"content":{"rendered":"<p><em>Manifesta\u00e7\u00e3o ser\u00e1 \u00e0s 10 horas, na Avenida Paulista, em frente ao BC. O ato acontece no dia da reuni\u00e3o do Comit\u00ea de Pol\u00edtica Monet\u00e1ria (Copom) para decidir sobre a Taxa B\u00e1sica de Juros.<\/em><\/p>\n<p>As Centrais Sindicais far\u00e3o, amanh\u00e3 (dia 1\u00ba), um protesto contra os juros altos em frente \u00e0 sede do Banco Central, na Avenida Paulista, 1.804, em S\u00e3o Paulo, aonde ser\u00e3o distribu\u00eddas dez caixas de bananas.<\/p>\n<p>\u201cQueremos mostrar que o governo est\u00e1 dando &#8216;bananas&#8217; para o povo ao aumentar os juros e provocando desemprego\u201d, declara Paulo Pereira da Silva, o Paulinho, presidente da For\u00e7a sindical e deputado federal pelo Solidariedade-SP.<\/p>\n<p>O ato das centrais acontece no dia em que a reuni\u00e3o do Copom (Comit\u00ea de Pol\u00edtica Monet\u00e1ria) se inicia para decidir sobre a taxa b\u00e1sica de juros, que ser\u00e1 divulgada na quarta-feira (dia 2).<\/p>\n<p><b>AGENDA<\/b><\/p>\n<p>Protesto contra os juros altos<br \/>\nData: 1\u00ba de mar\u00e7o<br \/>\nHor\u00e1rio: 10 horas<br \/>\nLocal: em frente ao Banco Central<br \/>\nEndere\u00e7o: Avenida Paulista, 1.804 -S\u00e3o Paulo<\/p>\n","protected":false},"excerpt":{"rendered":"<p>Manifesta\u00e7\u00e3o ser\u00e1 \u00e0s 10 horas, na Avenida Paulista, em frente ao BC. O ato acontece no dia da reuni\u00e3o do Comit\u00ea de Pol\u00edtica Monet\u00e1ria (Copom) para decidir sobre a Taxa B\u00e1sica de Juros. As Centrais Sindicais far\u00e3o, amanh\u00e3 (dia 1\u00ba), um protesto contra os juros altos em frente \u00e0 sede do Banco Central, na Avenida Paulista, 1.804, em S\u00e3o Paulo, [&hellip;]<\/p>\n","protected":false},"author":27,"featured_media":0,"comment_status":"open","ping_status":"closed","sticky":false,"template":"","format":"standard","meta":{"footnotes":""},"categories":[1],"tags":[1103,21,1105,1101,177,1104,1102],"class_list":["post-1124","post","type-post","status-publish","format-standard","hentry","category-sem-categoria","tag-altos","tag-ato","tag-bananas","tag-centrais-sindicais","tag-contra","tag-copom","tag-juros"],"_links":{"self":[{"href":"https:\/\/blogs.correiobraziliense.com.br\/servidor\/wp-json\/wp\/v2\/posts\/1124","targetHints":{"allow":["GET"]}}],"collection":[{"href":"https:\/\/blogs.correiobraziliense.com.br\/servidor\/wp-json\/wp\/v2\/posts"}],"about":[{"href":"https:\/\/blogs.correiobraziliense.com.br\/servidor\/wp-json\/wp\/v2\/types\/post"}],"author":[{"embeddable":true,"href":"https:\/\/blogs.correiobraziliense.com.br\/servidor\/wp-json\/wp\/v2\/users\/27"}],"replies":[{"embeddable":true,"href":"https:\/\/blogs.correiobraziliense.com.br\/servidor\/wp-json\/wp\/v2\/comments?post=1124"}],"version-history":[{"count":1,"href":"https:\/\/blogs.correiobraziliense.com.br\/servidor\/wp-json\/wp\/v2\/posts\/1124\/revisions"}],"predecessor-version":[{"id":1125,"href":"https:\/\/blogs.correiobraziliense.com.br\/servidor\/wp-json\/wp\/v2\/posts\/1124\/revisions\/1125"}],"wp:attachment":[{"href":"https:\/\/blogs.correiobraziliense.com.br\/servidor\/wp-json\/wp\/v2\/media?parent=1124"}],"wp:term":[{"taxonomy":"category","embeddable":true,"href":"https:\/\/blogs.correiobraziliense.com.br\/servidor\/wp-json\/wp\/v2\/categories?post=1124"},{"taxonomy":"post_tag","embeddable":true,"href":"https:\/\/blogs.correiobraziliense.com.br\/servidor\/wp-json\/wp\/v2\/tags?post=1124"}],"curies":[{"name":"wp","href":"https:\/\/api.w.org\/{rel}","templated":true}]}}