{"id":11239,"date":"2018-12-07T17:30:30","date_gmt":"2018-12-07T19:30:30","guid":{"rendered":"https:\/\/blogs.correiobraziliense.com.br\/servidor\/?p=11239"},"modified":"2018-12-07T17:37:01","modified_gmt":"2018-12-07T19:37:01","slug":"procuradores-da-fazenda-nacional-pedirao-exoneracao-de-cargos-e-nao-assumirao-novos-postos-na-pgfn","status":"publish","type":"post","link":"https:\/\/blogs.correiobraziliense.com.br\/servidor\/procuradores-da-fazenda-nacional-pedirao-exoneracao-de-cargos-e-nao-assumirao-novos-postos-na-pgfn\/","title":{"rendered":"Procuradores da Fazenda Nacional pedir\u00e3o exonera\u00e7\u00e3o de cargos e n\u00e3o assumir\u00e3o novos postos na PGFN"},"content":{"rendered":"<p><em>86% da categoria n\u00e3o aceitam se submeter a um gestor que n\u00e3o seja procurador da Fazenda Nacional. A PGFN, h\u00e1 duas d\u00e9cadas, \u00e9 liderada por membros da carreira. O \u00f3rg\u00e3o retorna para o Estado cerca de R$ 1 trilh\u00e3o por ano<\/em><\/p>\n<p>Com a possibilidade de o presidente eleito, Jair Bolsonaro, indicar nome alheio ao quadro de membros da Procuradoria da Fazenda Nacional para ocupar a chefia da institui\u00e7\u00e3o, o Sindicato Nacional dos Procuradores da Fazenda Nacional (Sinprofaz) fez uma enquete junto \u00e0 carreira sobre a decis\u00e3o de exonera\u00e7\u00e3o das fun\u00e7\u00f5es de chefia e de n\u00e3o assun\u00e7\u00e3o de cargos. Significa que os integrantes da Procuradoria deixar\u00e3o seus atuais postos de lideran\u00e7a e n\u00e3o assumir\u00e3o novos. O resultado da enquete obteve expressiva participa\u00e7\u00e3o dos membros: 86% votaram \u201csim\u201d, confirmando que n\u00e3o se submeter\u00e3o a um gestor que n\u00e3o seja procurador da Fazenda Nacional.<\/p>\n<p>Segundo o presidente do Sinprofaz, Achilles Frias, a Procuradoria-Geral da Fazenda Nacional (PGFN) tem vivido um per\u00edodo virtuoso durante o qual a atual gest\u00e3o soube reinventar a atua\u00e7\u00e3o do \u00f3rg\u00e3o e colocar em pr\u00e1tica uma nova concep\u00e7\u00e3o de Fazenda P\u00fablica. \u201cEsse trabalho do mais alto n\u00edvel precisa continuar. Depois de tanto \u00eaxito e retorno para a sociedade, n\u00e3o h\u00e1 como aceitar que a PGFN tenha agora como gestor algu\u00e9m que n\u00e3o conhece a institui\u00e7\u00e3o. Os procuradores da Fazenda Nacional est\u00e3o unidos neste momento de luta em defesa da excel\u00eancia do trabalho da Procuradoria-Geral da Fazenda Nacional\u201d, enfatiza.<\/p>\n<p><strong>Resultados da PGFN<\/strong><\/p>\n<p>Os mais recentes n\u00fameros da PGFN demonstram a efici\u00eancia da institui\u00e7\u00e3o, liderada h\u00e1 quase duas d\u00e9cadas por membros da carreira. No cumprimento do of\u00edcio na arrecada\u00e7\u00e3o e na defesa, os procuradores da Fazenda Nacional retornam para o Estado cerca de R$ 1 trilh\u00e3o ao ano, informa o Sinprofaz. &#8220;Para que o trabalho da institui\u00e7\u00e3o continue batendo recordes de produtividade, \u00e9 indispens\u00e1vel que o cargo m\u00e1ximo da PGFN permane\u00e7a ocupado por um membro da carreira. S\u00f3 um l\u00edder com profundo conhecimento t\u00e9cnico a respeito do mister dos procuradores da Fazenda Nacional permitir\u00e1 que a Procuradoria-Geral da Fazenda Nacional siga no caminho de ascens\u00e3o que vem trilhando, em nome do interesse p\u00fablico e em respeito ao contribuinte, evitando enormes preju\u00edzos ao er\u00e1rio e, por conseguinte, \u00e0 sociedade&#8221;, destaca o Sinprofaz.<\/p>\n","protected":false},"excerpt":{"rendered":"<p>86% da categoria n\u00e3o aceitam se submeter a um gestor que n\u00e3o seja procurador da Fazenda Nacional. A PGFN, h\u00e1 duas d\u00e9cadas, \u00e9 liderada por membros da carreira. O \u00f3rg\u00e3o retorna para o Estado cerca de R$ 1 trilh\u00e3o por ano Com a possibilidade de o presidente eleito, Jair Bolsonaro, indicar nome alheio ao quadro de membros da Procuradoria da [&hellip;]<\/p>\n","protected":false},"author":27,"featured_media":0,"comment_status":"open","ping_status":"closed","sticky":false,"template":"","format":"standard","meta":{"footnotes":""},"categories":[2719],"tags":[14102,791,188,3065,908,4395,2165,989,14103,3509,284,1235,351],"class_list":["post-11239","post","type-post","status-publish","format-standard","hentry","category-servidor","tag-alheio","tag-cargos","tag-carreira","tag-chefia","tag-exoneracao","tag-fazenda-nacional","tag-indicacao","tag-instituicao","tag-jair-bolsonaro-estado","tag-nome","tag-pgfn","tag-procuradores","tag-sociedade"],"_links":{"self":[{"href":"https:\/\/blogs.correiobraziliense.com.br\/servidor\/wp-json\/wp\/v2\/posts\/11239","targetHints":{"allow":["GET"]}}],"collection":[{"href":"https:\/\/blogs.correiobraziliense.com.br\/servidor\/wp-json\/wp\/v2\/posts"}],"about":[{"href":"https:\/\/blogs.correiobraziliense.com.br\/servidor\/wp-json\/wp\/v2\/types\/post"}],"author":[{"embeddable":true,"href":"https:\/\/blogs.correiobraziliense.com.br\/servidor\/wp-json\/wp\/v2\/users\/27"}],"replies":[{"embeddable":true,"href":"https:\/\/blogs.correiobraziliense.com.br\/servidor\/wp-json\/wp\/v2\/comments?post=11239"}],"version-history":[{"count":2,"href":"https:\/\/blogs.correiobraziliense.com.br\/servidor\/wp-json\/wp\/v2\/posts\/11239\/revisions"}],"predecessor-version":[{"id":11241,"href":"https:\/\/blogs.correiobraziliense.com.br\/servidor\/wp-json\/wp\/v2\/posts\/11239\/revisions\/11241"}],"wp:attachment":[{"href":"https:\/\/blogs.correiobraziliense.com.br\/servidor\/wp-json\/wp\/v2\/media?parent=11239"}],"wp:term":[{"taxonomy":"category","embeddable":true,"href":"https:\/\/blogs.correiobraziliense.com.br\/servidor\/wp-json\/wp\/v2\/categories?post=11239"},{"taxonomy":"post_tag","embeddable":true,"href":"https:\/\/blogs.correiobraziliense.com.br\/servidor\/wp-json\/wp\/v2\/tags?post=11239"}],"curies":[{"name":"wp","href":"https:\/\/api.w.org\/{rel}","templated":true}]}}