{"id":11235,"date":"2018-12-07T13:09:34","date_gmt":"2018-12-07T15:09:34","guid":{"rendered":"https:\/\/blogs.correiobraziliense.com.br\/servidor\/?p=11235"},"modified":"2018-12-07T13:09:34","modified_gmt":"2018-12-07T15:09:34","slug":"presidente-da-fabrafite-defende-simplificacao-tributaria","status":"publish","type":"post","link":"https:\/\/blogs.correiobraziliense.com.br\/servidor\/presidente-da-fabrafite-defende-simplificacao-tributaria\/","title":{"rendered":"Presidente da Fabrafite defende simplifica\u00e7\u00e3o tribut\u00e1ria"},"content":{"rendered":"<p><em>Simplifica\u00e7\u00e3o, redistribui\u00e7\u00e3o da carga tribut\u00e1ria e manuten\u00e7\u00e3o das receitas dos entes federativos, essa \u00e9 a espinha dorsal das transforma\u00e7\u00f5es propostas por Juracy Soares, presidente da Federa\u00e7\u00e3o Brasileira de Associa\u00e7\u00f5es de Fiscais de Tributos Estaduais (Febrafite)<\/em><\/p>\n<p>O tema \u00e9 extremamente t\u00e9cnico, mas mexe diretamente com o bolso do cidad\u00e3o. A sociedade e o empresariado querem a redu\u00e7\u00e3o dos impostos. No entanto, o que est\u00e1 sendo proposto e uma redistribui\u00e7\u00e3o da carga, com justi\u00e7a tribut\u00e1ria. &#8220;N\u00e3o vai haver queda de imposto de forma gen\u00e9rica. O que se precisa \u00e9 cobrar de quem n\u00e3o paga. Por exemplo, se um paga 100% e outro zero, a m\u00e9dia \u00e9 50%. Claro que se todos pagarem, quem j\u00e1 faz o desembolso vai sair ganhando&#8221;, explicou.<\/p>\n<p>O projeto da Febrafite para simplificar o Sistema Tribut\u00e1rio Nacional (STN) estipula a condensa\u00e7\u00e3o de alguns tributos e define a especializa\u00e7\u00e3o das bases, mantendo com a Uni\u00e3o os impostos sobre a renda e deixando com os Estados as taxa\u00e7\u00f5es sobre o consumo, unificadas em um s\u00f3 tributo, o Imposto sobe Valor Agregado (IVA). Os munic\u00edpios ficariam com impostos relacionados \u00e0 propriedade.<\/p>\n<p>&#8220;A reforma \u00e9 fundamental para o Brasil voltar a crescer de forma sustent\u00e1vel e atrair novos investimentos. Temos um sistema tribut\u00e1rio extremamente complexo, que gera um custo muito alto para empres\u00e1rios e aos investidores, al\u00e9m de provocar um custo gigantesco para o pr\u00f3prio estado. A simplifica\u00e7\u00e3o \u00e9 o principal eixo quando se fala em reforma tribut\u00e1ria no pa\u00eds. \u00c9 preciso ter regras claras, oferecer seguran\u00e7a jur\u00eddica e ser transparente. Isso propiciaria uma retomada da atividade econ\u00f4mica, atrairia investimento, n\u00e3o aquele especulativo, mas principalmente aquele que vem gerar emprego e renda&#8221;, destaca Soares.<\/p>\n<p>Veja a entrevista feita ao vivo pelo Facebook do Correio Braziliense:<\/p>\n<p>https:\/\/www.facebook.com\/correiobraziliense\/videos\/408561619710014\/?__xts__%5B0%5D=68.ARDvKFcuIWQ2JKhTw8_z5lngf1Y_Ca-_4cyFhAV3U2ia3C6_cXMwJsArTjJrfNBMNbirEFK3GJJPU2yRF3iqPg4o598z5Vf9M2dBz5jXsMp-SEq1b05TGYHk6-HKkMN85yZV_wK-ZL143hXKaJgtQa7rE_gtupqyXC9Pzur4X5N3xK7yraDfoZAeogsLE4UKjVc4KfytLxrX11kqCD0ncMsfm4TqeyFZHI4E5C_k4qaHhTtG-GiB-uwHxO22gyMOQ68rCh0fmarYkIjOIa7SEE_mXsaxwNRV5lMh4__KhowhvJ-1jHC33w9wMLh7Dbv54GE4OI7GWSqdzqEoKSlmAUPOZUirF4BMtsw&#038;__tn__=-R<\/p>\n","protected":false},"excerpt":{"rendered":"<p>Simplifica\u00e7\u00e3o, redistribui\u00e7\u00e3o da carga tribut\u00e1ria e manuten\u00e7\u00e3o das receitas dos entes federativos, essa \u00e9 a espinha dorsal das transforma\u00e7\u00f5es propostas por Juracy Soares, presidente da Federa\u00e7\u00e3o Brasileira de Associa\u00e7\u00f5es de Fiscais de Tributos Estaduais (Febrafite) O tema \u00e9 extremamente t\u00e9cnico, mas mexe diretamente com o bolso do cidad\u00e3o. A sociedade e o empresariado querem a redu\u00e7\u00e3o dos impostos. No entanto, [&hellip;]<\/p>\n","protected":false},"author":27,"featured_media":0,"comment_status":"open","ping_status":"closed","sticky":false,"template":"","format":"standard","meta":{"footnotes":""},"categories":[2719],"tags":[10357,13598,14099,197,3867,943,71,2770,7230,14100,14097,260,14098,1695,326,11986,751,208,3894,351,1664,11493,5515],"class_list":["post-11235","post","type-post","status-publish","format-standard","hentry","category-servidor","tag-agentes-fiscais-de-renda","tag-carga-tributaria","tag-consumidos","tag-emprego","tag-empresariado","tag-estados","tag-febrafite","tag-impostos","tag-investimetnos","tag-iva","tag-juracy-soares","tag-justica","tag-municipios-uniao","tag-propriedade","tag-receitas","tag-redistribuicao","tag-regras","tag-seguranca","tag-simplificacao","tag-sociedade","tag-stn","tag-taxacao","tag-transformacoes"],"_links":{"self":[{"href":"https:\/\/blogs.correiobraziliense.com.br\/servidor\/wp-json\/wp\/v2\/posts\/11235","targetHints":{"allow":["GET"]}}],"collection":[{"href":"https:\/\/blogs.correiobraziliense.com.br\/servidor\/wp-json\/wp\/v2\/posts"}],"about":[{"href":"https:\/\/blogs.correiobraziliense.com.br\/servidor\/wp-json\/wp\/v2\/types\/post"}],"author":[{"embeddable":true,"href":"https:\/\/blogs.correiobraziliense.com.br\/servidor\/wp-json\/wp\/v2\/users\/27"}],"replies":[{"embeddable":true,"href":"https:\/\/blogs.correiobraziliense.com.br\/servidor\/wp-json\/wp\/v2\/comments?post=11235"}],"version-history":[{"count":1,"href":"https:\/\/blogs.correiobraziliense.com.br\/servidor\/wp-json\/wp\/v2\/posts\/11235\/revisions"}],"predecessor-version":[{"id":11236,"href":"https:\/\/blogs.correiobraziliense.com.br\/servidor\/wp-json\/wp\/v2\/posts\/11235\/revisions\/11236"}],"wp:attachment":[{"href":"https:\/\/blogs.correiobraziliense.com.br\/servidor\/wp-json\/wp\/v2\/media?parent=11235"}],"wp:term":[{"taxonomy":"category","embeddable":true,"href":"https:\/\/blogs.correiobraziliense.com.br\/servidor\/wp-json\/wp\/v2\/categories?post=11235"},{"taxonomy":"post_tag","embeddable":true,"href":"https:\/\/blogs.correiobraziliense.com.br\/servidor\/wp-json\/wp\/v2\/tags?post=11235"}],"curies":[{"name":"wp","href":"https:\/\/api.w.org\/{rel}","templated":true}]}}