{"id":11209,"date":"2018-12-05T15:13:11","date_gmt":"2018-12-05T17:13:11","guid":{"rendered":"https:\/\/blogs.correiobraziliense.com.br\/servidor\/?p=11209"},"modified":"2018-12-05T15:13:11","modified_gmt":"2018-12-05T17:13:11","slug":"fazenda-lanca-pagina-especial-com-balanco-de-acoes-dos-ultimos-dois-anos","status":"publish","type":"post","link":"https:\/\/blogs.correiobraziliense.com.br\/servidor\/fazenda-lanca-pagina-especial-com-balanco-de-acoes-dos-ultimos-dois-anos\/","title":{"rendered":"Fazenda lan\u00e7a p\u00e1gina especial com balan\u00e7o de a\u00e7\u00f5es dos \u00faltimos dois anos"},"content":{"rendered":"<p><em>Hotsite tamb\u00e9m apresenta principais desafios para o pr\u00f3ximo per\u00edodo<\/em><\/p>\n<p>O Minist\u00e9rio da Fazenda lan\u00e7a nesta quarta-feira (05\/12) a p\u00e1gina especial \u201cBalan\u00e7o e Perspectivas Econ\u00f4micas 2016-2018\u201d pelo link http:\/\/www.fazenda.gov.br\/balanco-e-perspectivas\/<\/p>\n<p>O objetivo, de acordo com o minist\u00e9rio, \u00e9 manter um registro das a\u00e7\u00f5es do \u00f3rg\u00e3o no per\u00edodo, a partir da divulga\u00e7\u00e3o de textos que resumem as medidas aprovadas nestes dois anos e v\u00eddeos com depoimentos dos secret\u00e1rios F\u00e1bio Kanckzuk, de Pol\u00edtica Econ\u00f4mica; Ana Paula Vescovi, Executiva; Jo\u00e3o Manoel Pinho de Mello, de Promo\u00e7\u00e3o da Produtividade e Advocacia da Concorr\u00eancia; Marcelo Caetano, da Previd\u00eancia; e do chefe da Assessoria Especial do Gabinete do Ministro, Marcos Mendes.<\/p>\n<p>Al\u00e9m do balan\u00e7o, o site apresenta os principais desafios a serem enfrentados na esfera econ\u00f4mica no longo prazo, com destaque para a necessidade de consolidar a agenda de reformas estruturais que garantam o crescimento sustent\u00e1vel do pa\u00eds, com ganhos de produtividade.<\/p>\n<p><strong>Artigos<\/strong><\/p>\n<p>A p\u00e1gina tamb\u00e9m disponibilizar\u00e1 an\u00e1lises das \u00e1reas t\u00e9cnicas do minist\u00e9rio. De acordo com o artigo publicado hoje, \u201cReformas Econ\u00f4micas em 2016-2018 e perspectivas para o pr\u00f3ximo mandato presidencial\u201d, o Brasil somente retomar\u00e1 taxas relevantes de crescimento e de gera\u00e7\u00e3o de empregos, bem como reduzir\u00e1 significativamente a pobreza e a desigualdade se for capaz de evoluir em quatro dimens\u00f5es: equil\u00edbrio fiscal; produtividade; estabilidade institucional; e igualdade de oportunidade e redu\u00e7\u00e3o da pobreza.<\/p>\n<p>Esta \u00e9 a avalia\u00e7\u00e3o da Assessoria Especial do Gabinete do ministro Eduardo Guardia na publica\u00e7\u00e3o, que procura mostrar quais os avan\u00e7os no per\u00edodo 2016-18, as medidas que est\u00e3o em andamento, os pontos sobre os quais n\u00e3o foi poss\u00edvel avan\u00e7ar e os riscos de retrocesso que precisam ser enfrentados por este e pelo pr\u00f3ximo governo.<\/p>\n","protected":false},"excerpt":{"rendered":"<p>Hotsite tamb\u00e9m apresenta principais desafios para o pr\u00f3ximo per\u00edodo O Minist\u00e9rio da Fazenda lan\u00e7a nesta quarta-feira (05\/12) a p\u00e1gina especial \u201cBalan\u00e7o e Perspectivas Econ\u00f4micas 2016-2018\u201d pelo link http:\/\/www.fazenda.gov.br\/balanco-e-perspectivas\/ O objetivo, de acordo com o minist\u00e9rio, \u00e9 manter um registro das a\u00e7\u00f5es do \u00f3rg\u00e3o no per\u00edodo, a partir da divulga\u00e7\u00e3o de textos que resumem as medidas aprovadas nestes dois anos e [&hellip;]<\/p>\n","protected":false},"author":27,"featured_media":0,"comment_status":"open","ping_status":"closed","sticky":false,"template":"","format":"standard","meta":{"footnotes":""},"categories":[2719],"tags":[14082,5899,202,795,1027,13303,1202,620,1340,810,3199,14083,8629,14084,1136],"class_list":["post-11209","post","type-post","status-publish","format-standard","hentry","category-servidor","tag-accoes","tag-artigos","tag-balanco","tag-crescimento","tag-depoimentos","tag-equilibrio-fiscal","tag-especial","tag-estabilidade","tag-igualdade","tag-ministerio-da-fazenda","tag-pagina","tag-perspectivas-economicas","tag-pobreza","tag-portunidade","tag-produtividade"],"_links":{"self":[{"href":"https:\/\/blogs.correiobraziliense.com.br\/servidor\/wp-json\/wp\/v2\/posts\/11209","targetHints":{"allow":["GET"]}}],"collection":[{"href":"https:\/\/blogs.correiobraziliense.com.br\/servidor\/wp-json\/wp\/v2\/posts"}],"about":[{"href":"https:\/\/blogs.correiobraziliense.com.br\/servidor\/wp-json\/wp\/v2\/types\/post"}],"author":[{"embeddable":true,"href":"https:\/\/blogs.correiobraziliense.com.br\/servidor\/wp-json\/wp\/v2\/users\/27"}],"replies":[{"embeddable":true,"href":"https:\/\/blogs.correiobraziliense.com.br\/servidor\/wp-json\/wp\/v2\/comments?post=11209"}],"version-history":[{"count":1,"href":"https:\/\/blogs.correiobraziliense.com.br\/servidor\/wp-json\/wp\/v2\/posts\/11209\/revisions"}],"predecessor-version":[{"id":11210,"href":"https:\/\/blogs.correiobraziliense.com.br\/servidor\/wp-json\/wp\/v2\/posts\/11209\/revisions\/11210"}],"wp:attachment":[{"href":"https:\/\/blogs.correiobraziliense.com.br\/servidor\/wp-json\/wp\/v2\/media?parent=11209"}],"wp:term":[{"taxonomy":"category","embeddable":true,"href":"https:\/\/blogs.correiobraziliense.com.br\/servidor\/wp-json\/wp\/v2\/categories?post=11209"},{"taxonomy":"post_tag","embeddable":true,"href":"https:\/\/blogs.correiobraziliense.com.br\/servidor\/wp-json\/wp\/v2\/tags?post=11209"}],"curies":[{"name":"wp","href":"https:\/\/api.w.org\/{rel}","templated":true}]}}