{"id":11205,"date":"2018-12-05T13:17:49","date_gmt":"2018-12-05T15:17:49","guid":{"rendered":"https:\/\/blogs.correiobraziliense.com.br\/servidor\/?p=11205"},"modified":"2018-12-05T13:17:49","modified_gmt":"2018-12-05T15:17:49","slug":"sindifisco-auditor-fiscal-kleber-cabral-e-eleito-presidente-do-sindifisco-nacional","status":"publish","type":"post","link":"https:\/\/blogs.correiobraziliense.com.br\/servidor\/sindifisco-auditor-fiscal-kleber-cabral-e-eleito-presidente-do-sindifisco-nacional\/","title":{"rendered":"Sindifisco &#8211; Auditor-fiscal Kleber Cabral \u00e9 eleito presidente do Sindifisco Nacional"},"content":{"rendered":"<p><em>Kleber Cabral, eleito com pouco mais de 57% dos votos, est\u00e1 r\u00e1 \u00e0 frente do Sindicato Nacional dos Auditores Fiscais da Receita Federal pelo tri\u00eanio 2019-2021. Sucede Cl\u00e1udio Damasceno, cujo segundo mandato se encerra em 31 de dezembro<\/em><\/p>\n<p>Paulista da capital, Kleber tem 46 anos e est\u00e1 na Receita Federal desde 1997. Graduou-se, em 1994, em Engenharia Mecatr\u00f4nica pela Escola Polit\u00e9cnica e, em 2004, em Direito pela Faculdade do Largo S\u00e3o Francisco \u2013 ambas na Universidade S\u00e3o Paulo (USP). Desde 2010 integra a equipe da Delegacia de Maiores Contribuintes (Demac), em S\u00e3o Paulo. Atualmente preside a Unafisco Associa\u00e7\u00e3o, entidade que tamb\u00e9m congrega auditores-fiscais da RFB.<\/p>\n<p>Participou da constru\u00e7\u00e3o das \u201cNovas Medidas Contra Corrup\u00e7\u00e3o\u201d, a convite da Funda\u00e7\u00e3o Get\u00falio Vargas (FGV Direito RJ e SP) e da Transparency International, lan\u00e7adas em junho de 2018. Integrou ainda a lista tr\u00edplice para indica\u00e7\u00e3o ao cargo de secret\u00e1rio da Receita Federal, ap\u00f3s processo de escolha da categoria.<\/p>\n<p>Nos \u00faltimos anos, Kleber se credenciou como um dos principais estudiosos, da RFB, de temas relacionados \u00e0 corrup\u00e7\u00e3o e \u00e0 sonega\u00e7\u00e3o fiscal. E traz este conhecimento para o Sindifisco Nacional, a fim de torna-lo refer\u00eancia em iniciativas e estudos que visem depurar as rela\u00e7\u00f5es e as institui\u00e7\u00f5es de Estado.<\/p>\n","protected":false},"excerpt":{"rendered":"<p>Kleber Cabral, eleito com pouco mais de 57% dos votos, est\u00e1 r\u00e1 \u00e0 frente do Sindicato Nacional dos Auditores Fiscais da Receita Federal pelo tri\u00eanio 2019-2021. Sucede Cl\u00e1udio Damasceno, cujo segundo mandato se encerra em 31 de dezembro Paulista da capital, Kleber tem 46 anos e est\u00e1 na Receita Federal desde 1997. Graduou-se, em 1994, em Engenharia Mecatr\u00f4nica pela Escola [&hellip;]<\/p>\n","protected":false},"author":27,"featured_media":0,"comment_status":"open","ping_status":"closed","sticky":false,"template":"","format":"standard","meta":{"footnotes":""},"categories":[2719],"tags":[1325,6790,81,597,3823],"class_list":["post-11205","post","type-post","status-publish","format-standard","hentry","category-servidor","tag-auditor-fiscal","tag-kleber-cabral","tag-presidente","tag-sindifisco","tag-unafisco"],"_links":{"self":[{"href":"https:\/\/blogs.correiobraziliense.com.br\/servidor\/wp-json\/wp\/v2\/posts\/11205","targetHints":{"allow":["GET"]}}],"collection":[{"href":"https:\/\/blogs.correiobraziliense.com.br\/servidor\/wp-json\/wp\/v2\/posts"}],"about":[{"href":"https:\/\/blogs.correiobraziliense.com.br\/servidor\/wp-json\/wp\/v2\/types\/post"}],"author":[{"embeddable":true,"href":"https:\/\/blogs.correiobraziliense.com.br\/servidor\/wp-json\/wp\/v2\/users\/27"}],"replies":[{"embeddable":true,"href":"https:\/\/blogs.correiobraziliense.com.br\/servidor\/wp-json\/wp\/v2\/comments?post=11205"}],"version-history":[{"count":1,"href":"https:\/\/blogs.correiobraziliense.com.br\/servidor\/wp-json\/wp\/v2\/posts\/11205\/revisions"}],"predecessor-version":[{"id":11206,"href":"https:\/\/blogs.correiobraziliense.com.br\/servidor\/wp-json\/wp\/v2\/posts\/11205\/revisions\/11206"}],"wp:attachment":[{"href":"https:\/\/blogs.correiobraziliense.com.br\/servidor\/wp-json\/wp\/v2\/media?parent=11205"}],"wp:term":[{"taxonomy":"category","embeddable":true,"href":"https:\/\/blogs.correiobraziliense.com.br\/servidor\/wp-json\/wp\/v2\/categories?post=11205"},{"taxonomy":"post_tag","embeddable":true,"href":"https:\/\/blogs.correiobraziliense.com.br\/servidor\/wp-json\/wp\/v2\/tags?post=11205"}],"curies":[{"name":"wp","href":"https:\/\/api.w.org\/{rel}","templated":true}]}}