{"id":11197,"date":"2018-12-05T12:22:14","date_gmt":"2018-12-05T14:22:14","guid":{"rendered":"https:\/\/blogs.correiobraziliense.com.br\/servidor\/?p=11197"},"modified":"2018-12-05T12:43:09","modified_gmt":"2018-12-05T14:43:09","slug":"deputado-do-pt-propoe-lei-jair-bolsonaro-contra-fujoes-em-debates-eleitorais","status":"publish","type":"post","link":"https:\/\/blogs.correiobraziliense.com.br\/servidor\/deputado-do-pt-propoe-lei-jair-bolsonaro-contra-fujoes-em-debates-eleitorais\/","title":{"rendered":"Deputado do PT prop\u00f5e \u201cLei Jair Bolsonaro\u201d contra fuj\u00f5es de debates eleitorais"},"content":{"rendered":"<p>O deputado federal Jorge Solla (PT-BA) apresentou para tramita\u00e7\u00e3o na C\u00e2mara dos Deputados o Projeto de Lei 11080\/2018, que prop\u00f5e uma reforma no c\u00f3digo eleitoral para obrigar as emissoras de tev\u00ea a substituir os debates eleitorais por sabatinas, caso apenas um dos candidatos convidados confirme sua participa\u00e7\u00e3o. O petista apelidou a mat\u00e9ria de \u201cLei Jair Bolsonaro\u201d, em refer\u00eancia \u00e0 recusa do presidente eleito de participar dos debates no segundo turno da elei\u00e7\u00e3o presidencial.<\/p>\n<p>A proposta prev\u00ea puni\u00e7\u00e3o \u00e0s emissoras que n\u00e3o dedicarem o tempo correspondente do programado ao debate a uma sabatina com o candidato que comparecer aos est\u00fadios. A pena vai de multa \u00e0 suspens\u00e3o da transmiss\u00e3o por 48 horas, e, em caso de reincid\u00eancia, perda da concess\u00e3o p\u00fablica.<\/p>\n<p>&#8220;As leis s\u00e3o din\u00e2micas e devem se aperfei\u00e7oar para melhorar a qualidade da democracia. \u00c9 claro que nenhum legislador imaginou que algum dia um presidente seria eleito fugindo do debate, porque sabia que, se o povo soubesse de suas propostas, perderia a elei\u00e7\u00e3o. Bolsonaro disseminou fake news e, ao se negar a ir a debates, interditou o contradit\u00f3rio, o confronto com a verdade, num processo eleitoral, o que foi fundamental para sua vit\u00f3ria&#8221;, argumenta Solla, autor do projeto.<\/p>\n","protected":false},"excerpt":{"rendered":"<p>O deputado federal Jorge Solla (PT-BA) apresentou para tramita\u00e7\u00e3o na C\u00e2mara dos Deputados o Projeto de Lei 11080\/2018, que prop\u00f5e uma reforma no c\u00f3digo eleitoral para obrigar as emissoras de tev\u00ea a substituir os debates eleitorais por sabatinas, caso apenas um dos candidatos convidados confirme sua participa\u00e7\u00e3o. O petista apelidou a mat\u00e9ria de \u201cLei Jair Bolsonaro\u201d, em refer\u00eancia \u00e0 recusa [&hellip;]<\/p>\n","protected":false},"author":27,"featured_media":11201,"comment_status":"open","ping_status":"closed","sticky":false,"template":"","format":"standard","meta":{"footnotes":""},"categories":[2719],"tags":[5372,178,14078,5977,6475,5071,359,106,13570,7620,14079,14076,14075,1120,81,14077,3752,711,12809,13729,6559],"class_list":["post-11197","post","type-post","status-publish","format-standard","has-post-thumbnail","hentry","category-servidor","tag-camar","tag-candidatos","tag-codigo-eleitoral","tag-confronto","tag-convidados","tag-debates","tag-deputado","tag-eleicao","tag-eleito","tag-eleitorais","tag-emissoras","tag-jujoes","tag-lei-jair-bolosonaro","tag-participacao","tag-presidente","tag-projeto-de-lei-11-080-2018","tag-pt","tag-reforma","tag-sabatinas","tag-segundo-turno","tag-tv"],"_links":{"self":[{"href":"https:\/\/blogs.correiobraziliense.com.br\/servidor\/wp-json\/wp\/v2\/posts\/11197","targetHints":{"allow":["GET"]}}],"collection":[{"href":"https:\/\/blogs.correiobraziliense.com.br\/servidor\/wp-json\/wp\/v2\/posts"}],"about":[{"href":"https:\/\/blogs.correiobraziliense.com.br\/servidor\/wp-json\/wp\/v2\/types\/post"}],"author":[{"embeddable":true,"href":"https:\/\/blogs.correiobraziliense.com.br\/servidor\/wp-json\/wp\/v2\/users\/27"}],"replies":[{"embeddable":true,"href":"https:\/\/blogs.correiobraziliense.com.br\/servidor\/wp-json\/wp\/v2\/comments?post=11197"}],"version-history":[{"count":3,"href":"https:\/\/blogs.correiobraziliense.com.br\/servidor\/wp-json\/wp\/v2\/posts\/11197\/revisions"}],"predecessor-version":[{"id":11202,"href":"https:\/\/blogs.correiobraziliense.com.br\/servidor\/wp-json\/wp\/v2\/posts\/11197\/revisions\/11202"}],"wp:featuredmedia":[{"embeddable":true,"href":"https:\/\/blogs.correiobraziliense.com.br\/servidor\/wp-json\/wp\/v2\/media\/11201"}],"wp:attachment":[{"href":"https:\/\/blogs.correiobraziliense.com.br\/servidor\/wp-json\/wp\/v2\/media?parent=11197"}],"wp:term":[{"taxonomy":"category","embeddable":true,"href":"https:\/\/blogs.correiobraziliense.com.br\/servidor\/wp-json\/wp\/v2\/categories?post=11197"},{"taxonomy":"post_tag","embeddable":true,"href":"https:\/\/blogs.correiobraziliense.com.br\/servidor\/wp-json\/wp\/v2\/tags?post=11197"}],"curies":[{"name":"wp","href":"https:\/\/api.w.org\/{rel}","templated":true}]}}