{"id":11191,"date":"2018-12-04T17:36:24","date_gmt":"2018-12-04T19:36:24","guid":{"rendered":"https:\/\/blogs.correiobraziliense.com.br\/servidor\/?p=11191"},"modified":"2018-12-04T17:36:55","modified_gmt":"2018-12-04T19:36:55","slug":"atividade-em-defesa-da-educacao-publica-na-camara-dos-deputados-nesta-quarta-5","status":"publish","type":"post","link":"https:\/\/blogs.correiobraziliense.com.br\/servidor\/atividade-em-defesa-da-educacao-publica-na-camara-dos-deputados-nesta-quarta-5\/","title":{"rendered":"Atividade em defesa da Educa\u00e7\u00e3o P\u00fablica na C\u00e2mara dos Deputados nesta quarta (5)"},"content":{"rendered":"<p>As entidades sindicais e estudantis nacionais da educa\u00e7\u00e3o \u2013 ANDES-SN, Fasubra, SINASEFE, UNE, UBES, FENET e ANPG- far\u00e3o, nesta quarta-feira (5), evento na C\u00e2mara de Deputados para marcar o Dia Nacional de Luta em Defesa da Educa\u00e7\u00e3o P\u00fablica. Entre as atividades, o destaque \u00e9 para o relan\u00e7amento da Frente Nacional Escola sem Morda\u00e7a<\/p>\n<p>As atividades foram convocadas em parceria com a Lideran\u00e7a do PSol e acontecer\u00e3o no audit\u00f3rio Freitas Nobre, no Anexo IV da C\u00e2mara. \u00c0s 9 horas, ser\u00e1 realizada a audi\u00eancia p\u00fablica \u201cEm defesa das universidades, das escolas do ensino b\u00e1sico, t\u00e9cnicas e tecnol\u00f3gicas p\u00fablicas federais, estaduais e municipais\u201d. No per\u00edodo da tarde, \u00e0s 14 horas, acontecer\u00e1 o relan\u00e7amento da Frente Nacional Escola sem Morda\u00e7a. A partir das 14h30, ter\u00e1 in\u00edcio o debate \u201cOs desafios da educa\u00e7\u00e3o p\u00fablica em tempos de restri\u00e7\u00e3o democr\u00e1tica\u201d.<\/p>\n<p>O evento pretende dar visibilidade \u00e0 import\u00e2ncia da educa\u00e7\u00e3o p\u00fablica, gratuita e de qualidade, e das universidades e institutos federais, como patrim\u00f4nio da popula\u00e7\u00e3o e direito social conquistado. Al\u00e9m disso, ser\u00e1 discutida a import\u00e2ncia das institui\u00e7\u00f5es p\u00fablicas de ensino na produ\u00e7\u00e3o do conhecimento e da ci\u00eancia e tecnologia, e da defesa da liberdade de c\u00e1tedra \u2013 liberdade de ensinar \u2013 dos docentes.<\/p>\n<p><strong>Servi\u00e7o:<\/strong><br \/>\nEvento: Dia Nacional de Luta em Defesa da Educa\u00e7\u00e3o P\u00fablica<br \/>\nLocal: audit\u00f3rio Freitas Nobre, no Subsolo do Anexo IV da C\u00e2mara dos Deputados.<br \/>\nHor\u00e1rio: Das 9 \u00e0s 17 horas.<br \/>\nPrograma\u00e7\u00e3o:<br \/>\n09h: Audi\u00eancia P\u00fablica \u201cEm defesa das universidades, das escolas do ensino b\u00e1sico, t\u00e9cnico e tecnol\u00f3gico p\u00fablicas federais, estaduais e municipais\u201d.<br \/>\n14h: Relan\u00e7amento da Frente Nacional Escola sem Morda\u00e7a.<br \/>\n14h30: Mesa de debate \u201cOs desafios da educa\u00e7\u00e3o p\u00fablica em tempos de restri\u00e7\u00e3o democr\u00e1tica\u201d.<\/p>\n","protected":false},"excerpt":{"rendered":"<p>As entidades sindicais e estudantis nacionais da educa\u00e7\u00e3o \u2013 ANDES-SN, Fasubra, SINASEFE, UNE, UBES, FENET e ANPG- far\u00e3o, nesta quarta-feira (5), evento na C\u00e2mara de Deputados para marcar o Dia Nacional de Luta em Defesa da Educa\u00e7\u00e3o P\u00fablica. Entre as atividades, o destaque \u00e9 para o relan\u00e7amento da Frente Nacional Escola sem Morda\u00e7a As atividades foram convocadas em parceria com [&hellip;]<\/p>\n","protected":false},"author":27,"featured_media":0,"comment_status":"open","ping_status":"closed","sticky":false,"template":"","format":"standard","meta":{"footnotes":""},"categories":[2719],"tags":[3454,192,4153,61,1201,14074,1296,4160,1689,59,6729,1690,1633,1969,3522,6012],"class_list":["post-11191","post","type-post","status-publish","format-standard","hentry","category-servidor","tag-atividade","tag-audiencia","tag-basico","tag-camara","tag-defesa","tag-educacao-publica","tag-ensino","tag-escolas","tag-estaduais","tag-federais","tag-institutos","tag-municipais","tag-publicas","tag-tecnicas","tag-tecnologicas","tag-universidades"],"_links":{"self":[{"href":"https:\/\/blogs.correiobraziliense.com.br\/servidor\/wp-json\/wp\/v2\/posts\/11191","targetHints":{"allow":["GET"]}}],"collection":[{"href":"https:\/\/blogs.correiobraziliense.com.br\/servidor\/wp-json\/wp\/v2\/posts"}],"about":[{"href":"https:\/\/blogs.correiobraziliense.com.br\/servidor\/wp-json\/wp\/v2\/types\/post"}],"author":[{"embeddable":true,"href":"https:\/\/blogs.correiobraziliense.com.br\/servidor\/wp-json\/wp\/v2\/users\/27"}],"replies":[{"embeddable":true,"href":"https:\/\/blogs.correiobraziliense.com.br\/servidor\/wp-json\/wp\/v2\/comments?post=11191"}],"version-history":[{"count":1,"href":"https:\/\/blogs.correiobraziliense.com.br\/servidor\/wp-json\/wp\/v2\/posts\/11191\/revisions"}],"predecessor-version":[{"id":11192,"href":"https:\/\/blogs.correiobraziliense.com.br\/servidor\/wp-json\/wp\/v2\/posts\/11191\/revisions\/11192"}],"wp:attachment":[{"href":"https:\/\/blogs.correiobraziliense.com.br\/servidor\/wp-json\/wp\/v2\/media?parent=11191"}],"wp:term":[{"taxonomy":"category","embeddable":true,"href":"https:\/\/blogs.correiobraziliense.com.br\/servidor\/wp-json\/wp\/v2\/categories?post=11191"},{"taxonomy":"post_tag","embeddable":true,"href":"https:\/\/blogs.correiobraziliense.com.br\/servidor\/wp-json\/wp\/v2\/tags?post=11191"}],"curies":[{"name":"wp","href":"https:\/\/api.w.org\/{rel}","templated":true}]}}