{"id":11182,"date":"2018-12-04T12:11:43","date_gmt":"2018-12-04T14:11:43","guid":{"rendered":"https:\/\/blogs.correiobraziliense.com.br\/servidor\/?p=11182"},"modified":"2018-12-04T12:11:43","modified_gmt":"2018-12-04T14:11:43","slug":"vice-presidencia-do-tst-apresenta-proposta-aos-aeronautas","status":"publish","type":"post","link":"https:\/\/blogs.correiobraziliense.com.br\/servidor\/vice-presidencia-do-tst-apresenta-proposta-aos-aeronautas\/","title":{"rendered":"Vice-presid\u00eancia do TST apresenta proposta aos aeronautas"},"content":{"rendered":"<p><em>A audi\u00eancia ser\u00e1 transmitida pelo canal do TST no YouTube.<\/em><\/p>\n<p>O vice-presidente do Tribunal Superior do Trabalho (TST), ministro Renato de Lacerda Paiva, apresentar\u00e1 na quarta-feira (5), a partir das 13h, proposta de acordo para solucionar o impasse entre os aeronautas e as empresas a\u00e9reas. A apresenta\u00e7\u00e3o da proposta ser\u00e1 transmitida ao vivo pelo canal do TST no YouTube.<\/p>\n<p>A media\u00e7\u00e3o da vice-presid\u00eancia do TST nas negocia\u00e7\u00f5es entre os aeronautas e as empresas foi solicitada pelo Sindicato Nacional dos Aeronautas (SNA) em 23\/11, diante da proximidade da data-base da categoria (30\/11). Na sexta-feira (30), empregados e empregadores concordaram com o cronograma de media\u00e7\u00e3o proposto pelo ministro Renato Paiva, que, entre outros pontos, estendeu a vig\u00eancia da conven\u00e7\u00e3o coletiva de trabalho, que se encerraria na data-base, at\u00e9 14\/12. Ao propor o cronograma, o ministro se comprometeu a elaborar uma proposta de acordo e apresent\u00e1-la at\u00e9 5\/12.<\/p>\n","protected":false},"excerpt":{"rendered":"<p>A audi\u00eancia ser\u00e1 transmitida pelo canal do TST no YouTube. O vice-presidente do Tribunal Superior do Trabalho (TST), ministro Renato de Lacerda Paiva, apresentar\u00e1 na quarta-feira (5), a partir das 13h, proposta de acordo para solucionar o impasse entre os aeronautas e as empresas a\u00e9reas. A apresenta\u00e7\u00e3o da proposta ser\u00e1 transmitida ao vivo pelo canal do TST no YouTube. A [&hellip;]<\/p>\n","protected":false},"author":27,"featured_media":0,"comment_status":"open","ping_status":"closed","sticky":false,"template":"","format":"standard","meta":{"footnotes":""},"categories":[2719],"tags":[387,2745,891,14069,910,894,54,503],"class_list":["post-11182","post","type-post","status-publish","format-standard","hentry","category-servidor","tag-aeronautas","tag-empregadores","tag-empregados","tag-empresas-aereas","tag-impasse","tag-negociacoes","tag-proposta","tag-tst"],"_links":{"self":[{"href":"https:\/\/blogs.correiobraziliense.com.br\/servidor\/wp-json\/wp\/v2\/posts\/11182","targetHints":{"allow":["GET"]}}],"collection":[{"href":"https:\/\/blogs.correiobraziliense.com.br\/servidor\/wp-json\/wp\/v2\/posts"}],"about":[{"href":"https:\/\/blogs.correiobraziliense.com.br\/servidor\/wp-json\/wp\/v2\/types\/post"}],"author":[{"embeddable":true,"href":"https:\/\/blogs.correiobraziliense.com.br\/servidor\/wp-json\/wp\/v2\/users\/27"}],"replies":[{"embeddable":true,"href":"https:\/\/blogs.correiobraziliense.com.br\/servidor\/wp-json\/wp\/v2\/comments?post=11182"}],"version-history":[{"count":1,"href":"https:\/\/blogs.correiobraziliense.com.br\/servidor\/wp-json\/wp\/v2\/posts\/11182\/revisions"}],"predecessor-version":[{"id":11183,"href":"https:\/\/blogs.correiobraziliense.com.br\/servidor\/wp-json\/wp\/v2\/posts\/11182\/revisions\/11183"}],"wp:attachment":[{"href":"https:\/\/blogs.correiobraziliense.com.br\/servidor\/wp-json\/wp\/v2\/media?parent=11182"}],"wp:term":[{"taxonomy":"category","embeddable":true,"href":"https:\/\/blogs.correiobraziliense.com.br\/servidor\/wp-json\/wp\/v2\/categories?post=11182"},{"taxonomy":"post_tag","embeddable":true,"href":"https:\/\/blogs.correiobraziliense.com.br\/servidor\/wp-json\/wp\/v2\/tags?post=11182"}],"curies":[{"name":"wp","href":"https:\/\/api.w.org\/{rel}","templated":true}]}}