{"id":11178,"date":"2018-12-03T18:27:49","date_gmt":"2018-12-03T20:27:49","guid":{"rendered":"https:\/\/blogs.correiobraziliense.com.br\/servidor\/?p=11178"},"modified":"2018-12-03T18:27:49","modified_gmt":"2018-12-03T20:27:49","slug":"tcu-vai-aprofundar-analise-dos-processos-relativos-as-operacoes-sepsis-cui-bono-e-patmos","status":"publish","type":"post","link":"https:\/\/blogs.correiobraziliense.com.br\/servidor\/tcu-vai-aprofundar-analise-dos-processos-relativos-as-operacoes-sepsis-cui-bono-e-patmos\/","title":{"rendered":"TCU vai aprofundar an\u00e1lise dos processos relativos \u00e0s opera\u00e7\u00f5es S\u00e9psis, Cui Bono? e Patmos"},"content":{"rendered":"<p><em>O Tribunal de Contas da Uni\u00e3o (TCU) decidiu fazer dilig\u00eancias para aprofundar a an\u00e1lise de documentos referentes \u00e0s opera\u00e7\u00f5es da Pol\u00edcia Federal S\u00e9psis, Cui Bono? e Patmos<\/em><\/p>\n<p>O Tribunal pretende determinar as responsabilidades individuais de cada envolvido e quantificar os preju\u00edzos aos cofres p\u00fablicos. Essas opera\u00e7\u00f5es envolvem ex-executivos da Caixa Econ\u00f4mica Federal e o Movimento Democr\u00e1tico Brasileiro (MDB).<\/p>\n<p>Na \u00faltima sess\u00e3o, a Corte determinou que a Caixa encaminhe, em at\u00e9 15 dias, informa\u00e7\u00f5es sobre contrato da institui\u00e7\u00e3o com a concession\u00e1rio SPMar, no valor de R$ 2 bilh\u00f5es, para avaliar a conduta dos agentes. Tamb\u00e9m pediu \u00e0 10\u00aa Vara Federal do DF c\u00f3pia dos processos relativos \u00e0s investiga\u00e7\u00f5es da Pol\u00edcia Federal.<\/p>\n<p>A decis\u00e3o foi tomada em representa\u00e7\u00e3o do Minist\u00e9rio P\u00fablico Federal, que pediu o bloqueio cautelar de R$ 6 bilh\u00f5es de bens e ativos dos envolvidos para garantir o ressarcimento dos preju\u00edzos causados aos cofres p\u00fablicos. A cautelar, no entanto, n\u00e3o foi aprovada devido \u00e0 falta de elementos que comprovem os valores das perdas e o papel de cada um dos investigados nas irregularidades.<\/p>\n","protected":false},"excerpt":{"rendered":"<p>O Tribunal de Contas da Uni\u00e3o (TCU) decidiu fazer dilig\u00eancias para aprofundar a an\u00e1lise de documentos referentes \u00e0s opera\u00e7\u00f5es da Pol\u00edcia Federal S\u00e9psis, Cui Bono? e Patmos O Tribunal pretende determinar as responsabilidades individuais de cada envolvido e quantificar os preju\u00edzos aos cofres p\u00fablicos. Essas opera\u00e7\u00f5es envolvem ex-executivos da Caixa Econ\u00f4mica Federal e o Movimento Democr\u00e1tico Brasileiro (MDB). Na \u00faltima [&hellip;]<\/p>\n","protected":false},"author":27,"featured_media":0,"comment_status":"open","ping_status":"closed","sticky":false,"template":"","format":"standard","meta":{"footnotes":""},"categories":[2719],"tags":[229,1224,2886,1149,7409,2645,6368,14063,760,7038,1456,11833,686,14062,1518,562,24,6367,14064,635],"class_list":["post-11178","post","type-post","status-publish","format-standard","hentry","category-servidor","tag-agentes","tag-analise","tag-bloqueio","tag-caixa","tag-cautelar","tag-cofres","tag-cui-bono","tag-diligencia","tag-documentos","tag-envolvidos","tag-investigacoes","tag-mdb","tag-operacoes","tag-patmos","tag-prejuizos","tag-processos","tag-publicos","tag-sepsis","tag-spmar","tag-tcu"],"_links":{"self":[{"href":"https:\/\/blogs.correiobraziliense.com.br\/servidor\/wp-json\/wp\/v2\/posts\/11178","targetHints":{"allow":["GET"]}}],"collection":[{"href":"https:\/\/blogs.correiobraziliense.com.br\/servidor\/wp-json\/wp\/v2\/posts"}],"about":[{"href":"https:\/\/blogs.correiobraziliense.com.br\/servidor\/wp-json\/wp\/v2\/types\/post"}],"author":[{"embeddable":true,"href":"https:\/\/blogs.correiobraziliense.com.br\/servidor\/wp-json\/wp\/v2\/users\/27"}],"replies":[{"embeddable":true,"href":"https:\/\/blogs.correiobraziliense.com.br\/servidor\/wp-json\/wp\/v2\/comments?post=11178"}],"version-history":[{"count":1,"href":"https:\/\/blogs.correiobraziliense.com.br\/servidor\/wp-json\/wp\/v2\/posts\/11178\/revisions"}],"predecessor-version":[{"id":11179,"href":"https:\/\/blogs.correiobraziliense.com.br\/servidor\/wp-json\/wp\/v2\/posts\/11178\/revisions\/11179"}],"wp:attachment":[{"href":"https:\/\/blogs.correiobraziliense.com.br\/servidor\/wp-json\/wp\/v2\/media?parent=11178"}],"wp:term":[{"taxonomy":"category","embeddable":true,"href":"https:\/\/blogs.correiobraziliense.com.br\/servidor\/wp-json\/wp\/v2\/categories?post=11178"},{"taxonomy":"post_tag","embeddable":true,"href":"https:\/\/blogs.correiobraziliense.com.br\/servidor\/wp-json\/wp\/v2\/tags?post=11178"}],"curies":[{"name":"wp","href":"https:\/\/api.w.org\/{rel}","templated":true}]}}