{"id":1115,"date":"2016-02-26T17:43:25","date_gmt":"2016-02-26T20:43:25","guid":{"rendered":"https:\/\/blogs.correiobraziliense.com.br\/servidor\/?p=1115"},"modified":"2016-02-26T17:43:25","modified_gmt":"2016-02-26T20:43:25","slug":"membros-da-agu-exigem-acolhimento-da-lista-triplice-para-escolha-do-sucessor-de-adams","status":"publish","type":"post","link":"https:\/\/blogs.correiobraziliense.com.br\/servidor\/membros-da-agu-exigem-acolhimento-da-lista-triplice-para-escolha-do-sucessor-de-adams\/","title":{"rendered":"MEMBROS DA AGU EXIGEM ACOLHIMENTO DA LISTA TR\u00cdPLICE PARA ESCOLHA DO SUCESSOR DE ADAMS"},"content":{"rendered":"<p><em>Advogados p\u00fablicos federais querem que a escolha do chefe m\u00e1ximo da institui\u00e7\u00e3o seja feita a partir da lista tr\u00edplice formada por\u00a0membros\u00a0da carreira.<\/em><\/p>\n<p>A lista tr\u00edplice com os eleitos para indica\u00e7\u00e3o do novo advogado-geral da Uni\u00e3o est\u00e1 definida, informou a Uni\u00e3o dos Advogados P\u00fablicos Federais (Unafe). O documento com nomes j\u00e1 foi protocolado na Presid\u00eancia da Rep\u00fablica e na Casa Civil. A elei\u00e7\u00e3o aconteceu entre os dias\u00a015 e 25 de fevereiro, e a apura\u00e7\u00e3o foi feita hoje (26\/02).<\/p>\n<p>A consulta para todos os membros da AGU, ativos e inativos, elegeu\u00a0Lademir\u00a0Gomes da Rocha, procurador do Banco Central,\u00a0Galdino Jos\u00e9 Dias Filho, procurador federal,\u00a0e Carlos\u00a0Marden\u00a0Cabral Coutinho,\u00a0tamb\u00e9m procurador federal.<\/p>\n<p>O atual advogado-geral da Uni\u00e3o, Luis In\u00e1cio Lucena Adams, vem sendo\u00a0duramente\u00a0criticado e rejeitado pelos membros da carreira, destacou a Unafe. Durante a \u00faltima campanha eleitoral, a Unafe divulgou nota\u00a0p\u00fablica em rep\u00fadio a algumas atua\u00e7\u00f5es do\u00a0dirigente, como quanto \u00e0s contas de campanha \u00e0 reelei\u00e7\u00e3o da presidente da Rep\u00fablica, Dilma\u00a0Rousseff.<\/p>\n<p>O diretor-geral da Unafe, Roberto Mota, afirma que a carreira n\u00e3o aceitar\u00e1 indica\u00e7\u00f5es com\u00a0comprometimento partid\u00e1rio e defende a atua\u00e7\u00e3o da Advocacia-Geral da Uni\u00e3o rigidamente pautada pelos princ\u00edpios republicanos e democr\u00e1ticos.<\/p>\n<p>\u201cA op\u00e7\u00e3o por um dos nomes representar\u00e1 um imenso avan\u00e7o para a AGU, para a presid\u00eancia da Rep\u00fablica e para o pa\u00eds, uma vez que equilibrar\u00e1 a legitimidade do novo AGU, respaldado por seus pares\u201d, afirma.<\/p>\n<p>Mota destaca, ainda, que a\u00a0Advocacia-Geral da Uni\u00e3o \u00e9 uma institui\u00e7\u00e3o voltada para a defesa e a representa\u00e7\u00e3o da Uni\u00e3o Federal e\u00a0de suas autarquias e funda\u00e7\u00f5es. Atua com excel\u00eancia no combate \u00e0 corrup\u00e7\u00e3o,\u00a0na viabiliza\u00e7\u00e3o das pol\u00edticas p\u00fablicas e\u00a0na preserva\u00e7\u00e3o do Er\u00e1rio, n\u00e3o devendo em qualquer hip\u00f3tese abandonar a sua fun\u00e7\u00e3o de advocacia de Estado para assumir uma postura de advocacia de governo.<\/p>\n<p>AUTONOMIA<\/p>\n<p>A autonomia \u00e9 uma das principais bandeiras dos advogados p\u00fablicos federais.\u00a0A carreira luta pela aprova\u00e7\u00e3o da PEC 82\/07, que\u00a0prev\u00ea a\u00a0autonomia t\u00e9cnica, administrativa e or\u00e7ament\u00e1ria. Se aprovada,\u00a0fortalecer\u00e1 a atividade do advogado p\u00fablico, o que trar\u00e1,\u00a0consequentemente, ainda melhores resultados para o Pa\u00eds.<\/p>\n<p>HIST\u00d3RICO<\/p>\n<p>Esta \u00e9 a segunda vez que entidades da advocacia p\u00fablica federal consultam a carreira, informou a Unafe. No fim de 2014, a lista tr\u00edplice para indica\u00e7\u00e3o do novo advogado-geral da Uni\u00e3o no novo mandato da presidente reeleita Dilma\u00a0Rousseff\u00a0n\u00e3o foi acolhida.<\/p>\n<p>Desde 2003 que a\u00a0forma\u00e7\u00e3o da lista tr\u00edplice\u00a0para escolha do procurador-geral da Rep\u00fablica\u00a0vem sendo aceita. A iniciativa \u00e9\u00a0da\u00a0Associa\u00e7\u00e3o Nacional dos Procuradores da Rep\u00fablica\u00a0(ANPR), que afirma que o\u00a0processo atende ao clamor da classe de indicar aquele que acredita serem os mais preparados para a fun\u00e7\u00e3o.<\/p>\n<p><a href=\"http:\/\/unafe2.enviodecampanhas.net\/registra_clique.php?id=H%7C795024%7C233817%7C15078&amp;url=http%3A%2F%2Fwww.anpaf.org.br%2Fportal%2Fwp-content%2Fuploads%2F2016%2F02%2FConhe%25C3%25A7a-os-eleitos-para-compor-a-Lista-Tr%25C3%25ADplice-para-indica%25C3%25A7%25C3%25A3o-do-novo-AGU.pdf\" target=\"_blank\">Clique aqui\u00a0<\/a>para conhecer o perfil dos candidatos eleitos na lista tr\u00edplice para indica\u00e7\u00e3o do pr\u00f3ximo advogado-geral da Uni\u00e3o<\/p>\n","protected":false},"excerpt":{"rendered":"<p>Advogados p\u00fablicos federais querem que a escolha do chefe m\u00e1ximo da institui\u00e7\u00e3o seja feita a partir da lista tr\u00edplice formada por\u00a0membros\u00a0da carreira. A lista tr\u00edplice com os eleitos para indica\u00e7\u00e3o do novo advogado-geral da Uni\u00e3o est\u00e1 definida, informou a Uni\u00e3o dos Advogados P\u00fablicos Federais (Unafe). O documento com nomes j\u00e1 foi protocolado na Presid\u00eancia da Rep\u00fablica e na Casa Civil. [&hellip;]<\/p>\n","protected":false},"author":27,"featured_media":0,"comment_status":"open","ping_status":"closed","sticky":false,"template":"","format":"standard","meta":{"footnotes":""},"categories":[1],"tags":[1092,1095,157,188,1093,1091,764,156,1094],"class_list":["post-1115","post","type-post","status-publish","format-standard","hentry","category-sem-categoria","tag-acolhimento","tag-adams","tag-agu","tag-carreira","tag-escolha","tag-exigem","tag-lista-triplice","tag-membros","tag-sucessor"],"_links":{"self":[{"href":"https:\/\/blogs.correiobraziliense.com.br\/servidor\/wp-json\/wp\/v2\/posts\/1115","targetHints":{"allow":["GET"]}}],"collection":[{"href":"https:\/\/blogs.correiobraziliense.com.br\/servidor\/wp-json\/wp\/v2\/posts"}],"about":[{"href":"https:\/\/blogs.correiobraziliense.com.br\/servidor\/wp-json\/wp\/v2\/types\/post"}],"author":[{"embeddable":true,"href":"https:\/\/blogs.correiobraziliense.com.br\/servidor\/wp-json\/wp\/v2\/users\/27"}],"replies":[{"embeddable":true,"href":"https:\/\/blogs.correiobraziliense.com.br\/servidor\/wp-json\/wp\/v2\/comments?post=1115"}],"version-history":[{"count":1,"href":"https:\/\/blogs.correiobraziliense.com.br\/servidor\/wp-json\/wp\/v2\/posts\/1115\/revisions"}],"predecessor-version":[{"id":1116,"href":"https:\/\/blogs.correiobraziliense.com.br\/servidor\/wp-json\/wp\/v2\/posts\/1115\/revisions\/1116"}],"wp:attachment":[{"href":"https:\/\/blogs.correiobraziliense.com.br\/servidor\/wp-json\/wp\/v2\/media?parent=1115"}],"wp:term":[{"taxonomy":"category","embeddable":true,"href":"https:\/\/blogs.correiobraziliense.com.br\/servidor\/wp-json\/wp\/v2\/categories?post=1115"},{"taxonomy":"post_tag","embeddable":true,"href":"https:\/\/blogs.correiobraziliense.com.br\/servidor\/wp-json\/wp\/v2\/tags?post=1115"}],"curies":[{"name":"wp","href":"https:\/\/api.w.org\/{rel}","templated":true}]}}