{"id":11141,"date":"2018-11-28T15:39:43","date_gmt":"2018-11-28T17:39:43","guid":{"rendered":"https:\/\/blogs.correiobraziliense.com.br\/servidor\/?p=11141"},"modified":"2018-11-28T15:39:43","modified_gmt":"2018-11-28T17:39:43","slug":"erika-kokay-quer-sustar-decreto-que-discrimina-pessoas-com-deficiencia-em-concursos-publicos","status":"publish","type":"post","link":"https:\/\/blogs.correiobraziliense.com.br\/servidor\/erika-kokay-quer-sustar-decreto-que-discrimina-pessoas-com-deficiencia-em-concursos-publicos\/","title":{"rendered":"Erika Kokay quer sustar decreto que discrimina pessoas com defici\u00eancia em concursos p\u00fablicos"},"content":{"rendered":"<p><em>A deputada federal Erika Kokay (PT-DF) protocolou, nesta quarta-feira (28\/11), na C\u00e2mara Federal, Projeto de Decreto Legislativo (PDC 1092\/2018) com objetivo de sustar o Decreto n\u00ba 9.546 de 2018, o qual excluiu a previs\u00e3o de adapta\u00e7\u00e3o das provas f\u00edsicas para candidatos com defici\u00eancia em cargos e empregos ofertados em concursos p\u00fablicos, ao estabelecer que os crit\u00e9rios de aprova\u00e7\u00e3o dessas provas poder\u00e3o seguir os mesmos crit\u00e9rios aplicados aos demais candidatos<\/em><\/p>\n<p>De acordo com a parlamentar, a norma viola o Estatuto da Pessoa com Defici\u00eancia, o qual assegura \u00e0s pessoas com defici\u00eancia o direito \u00e0 igualdade de oportunidades, veda qualquer discrimina\u00e7\u00e3o ao trabalho de tais pessoas em virtude de sua condi\u00e7\u00e3o.<\/p>\n<p>\u201cO decreto fere dispositivos constitucionais e do Estatuto da Pessoa com Defici\u00eancia. Tanto que a Procuradoria Federal dos Direitos do Cidad\u00e3o (PFDC), do Minist\u00e9rio P\u00fablico Federal (MPF), acionou a Procuradoria-Geral da Rep\u00fablica (PGR) para que entre com representa\u00e7\u00e3o com pedido de inconstitucionalidade da mat\u00e9ria no Supremo Tribunal Federal (STF).<\/p>\n<p>Em sua justificativa, Erika Kokay sustenta que al\u00e9m de inconstitucional &#8211; por violar princ\u00edpios da dignidade, igualdade e n\u00e3o-discrimina\u00e7\u00e3o &#8211; o decreto, fere, ainda, a Lei Brasileira de Inclus\u00e3o e a Conven\u00e7\u00e3o Internacional da Pessoa com Defici\u00eancia, da qual o Brasil \u00e9 signat\u00e1rio e tem for\u00e7a de emenda constitucional.<\/p>\n","protected":false},"excerpt":{"rendered":"<p>A deputada federal Erika Kokay (PT-DF) protocolou, nesta quarta-feira (28\/11), na C\u00e2mara Federal, Projeto de Decreto Legislativo (PDC 1092\/2018) com objetivo de sustar o Decreto n\u00ba 9.546 de 2018, o qual excluiu a previs\u00e3o de adapta\u00e7\u00e3o das provas f\u00edsicas para candidatos com defici\u00eancia em cargos e empregos ofertados em concursos p\u00fablicos, ao estabelecer que os crit\u00e9rios de aprova\u00e7\u00e3o dessas provas [&hellip;]<\/p>\n","protected":false},"author":27,"featured_media":0,"comment_status":"open","ping_status":"closed","sticky":false,"template":"","format":"standard","meta":{"footnotes":""},"categories":[2719],"tags":[14037,1497,178,791,2432,998,1172,14036,3074,14033,2603,14031,1384,14035,5503,14034,728,14032],"class_list":["post-11141","post","type-post","status-publish","format-standard","hentry","category-servidor","tag-adaptacao","tag-aprovacao","tag-candidatos","tag-cargos","tag-concursos-publicos","tag-criterios","tag-decreto","tag-decreto-9-546-2018","tag-deficiencia","tag-discrimina","tag-empregos","tag-erika-kokay","tag-fisicas","tag-pdc-1092-2018","tag-pessoas","tag-protocolou-camara","tag-provas","tag-sustar"],"_links":{"self":[{"href":"https:\/\/blogs.correiobraziliense.com.br\/servidor\/wp-json\/wp\/v2\/posts\/11141","targetHints":{"allow":["GET"]}}],"collection":[{"href":"https:\/\/blogs.correiobraziliense.com.br\/servidor\/wp-json\/wp\/v2\/posts"}],"about":[{"href":"https:\/\/blogs.correiobraziliense.com.br\/servidor\/wp-json\/wp\/v2\/types\/post"}],"author":[{"embeddable":true,"href":"https:\/\/blogs.correiobraziliense.com.br\/servidor\/wp-json\/wp\/v2\/users\/27"}],"replies":[{"embeddable":true,"href":"https:\/\/blogs.correiobraziliense.com.br\/servidor\/wp-json\/wp\/v2\/comments?post=11141"}],"version-history":[{"count":1,"href":"https:\/\/blogs.correiobraziliense.com.br\/servidor\/wp-json\/wp\/v2\/posts\/11141\/revisions"}],"predecessor-version":[{"id":11142,"href":"https:\/\/blogs.correiobraziliense.com.br\/servidor\/wp-json\/wp\/v2\/posts\/11141\/revisions\/11142"}],"wp:attachment":[{"href":"https:\/\/blogs.correiobraziliense.com.br\/servidor\/wp-json\/wp\/v2\/media?parent=11141"}],"wp:term":[{"taxonomy":"category","embeddable":true,"href":"https:\/\/blogs.correiobraziliense.com.br\/servidor\/wp-json\/wp\/v2\/categories?post=11141"},{"taxonomy":"post_tag","embeddable":true,"href":"https:\/\/blogs.correiobraziliense.com.br\/servidor\/wp-json\/wp\/v2\/tags?post=11141"}],"curies":[{"name":"wp","href":"https:\/\/api.w.org\/{rel}","templated":true}]}}