{"id":11138,"date":"2018-11-28T12:46:28","date_gmt":"2018-11-28T14:46:28","guid":{"rendered":"https:\/\/blogs.correiobraziliense.com.br\/servidor\/?p=11138"},"modified":"2018-11-28T12:46:28","modified_gmt":"2018-11-28T14:46:28","slug":"correios-espera-captar-r-380-milhoes-com-venda-de-imoveis","status":"publish","type":"post","link":"https:\/\/blogs.correiobraziliense.com.br\/servidor\/correios-espera-captar-r-380-milhoes-com-venda-de-imoveis\/","title":{"rendered":"Correios espera captar R$ 380 milh\u00f5es com venda de im\u00f3veis"},"content":{"rendered":"<p><em>A licita\u00e7\u00e3o de im\u00f3veis ociosos \u00e9 apenas uma das medidas para garantir a sustentabilidade da empresa<\/em><\/p>\n<p>At\u00e9 a primeira semana de dezembro, estar\u00e3o abertos os editais de tr\u00eas im\u00f3veis dos Correios. O principal deles \u00e9 o edif\u00edcio da Avenida Paulo VI, em Pituba, Salvador\/BA, com estrutura de 17 andares, 44 mil metros quadrados de \u00e1rea constru\u00edda num terreno de 35 mil metros quadrados, em um bairro de classe m\u00e9dia alta, a apenas duas quadras da praia.<\/p>\n<p>Al\u00e9m do im\u00f3vel de Salvador, j\u00e1 foram publicados editais de um terreno e de um apartamento em Bras\u00edlia\/DF. Ao todo, a empresa pretende licitar 16 im\u00f3veis em nove Estados e espera captar cerca de R$ 380 milh\u00f5es com a a\u00e7\u00e3o.<\/p>\n<p>Recomendada por especialistas, a gest\u00e3o mais eficaz do patrim\u00f4nio, por meio da licita\u00e7\u00e3o de im\u00f3veis ociosos, \u00e9 apenas mais uma das medidas que j\u00e1 v\u00eam sendo adotadas pela diretoria dos Correios para garantir a sustentabilidade da empresa.<\/p>\n<p>O edital de todos os im\u00f3veis define o pre\u00e7o m\u00ednimo estipulado para cada um. Para participar, os interessados devem recolher cau\u00e7\u00e3o e apresentar propostas para cada im\u00f3vel pretendido, em envelopes fechados, que ser\u00e3o abertos apenas na data marcada.<\/p>\n<p>Mais informa\u00e7\u00f5es sobre a venda desses im\u00f3veis no link http:\/\/www.correios.com.br\/sobre-os-correios\/a-empresa\/venda-de-imoveis\/<\/p>\n","protected":false},"excerpt":{"rendered":"<p>A licita\u00e7\u00e3o de im\u00f3veis ociosos \u00e9 apenas uma das medidas para garantir a sustentabilidade da empresa At\u00e9 a primeira semana de dezembro, estar\u00e3o abertos os editais de tr\u00eas im\u00f3veis dos Correios. O principal deles \u00e9 o edif\u00edcio da Avenida Paulo VI, em Pituba, Salvador\/BA, com estrutura de 17 andares, 44 mil metros quadrados de \u00e1rea constru\u00edda num terreno de 35 [&hellip;]<\/p>\n","protected":false},"author":27,"featured_media":0,"comment_status":"open","ping_status":"closed","sticky":false,"template":"","format":"standard","meta":{"footnotes":""},"categories":[2719],"tags":[11663,20,1386,92,11397,1832,3704,3382,14029,1454,14030,922,3231,149],"class_list":["post-11138","post","type-post","status-publish","format-standard","hentry","category-servidor","tag-captar","tag-correios","tag-editais","tag-edital","tag-envelopes","tag-imoveis","tag-licitacao","tag-milhoes","tag-ociosos","tag-patrimonio","tag-preco-minimo","tag-propostas","tag-sustentabilidade","tag-venda"],"_links":{"self":[{"href":"https:\/\/blogs.correiobraziliense.com.br\/servidor\/wp-json\/wp\/v2\/posts\/11138","targetHints":{"allow":["GET"]}}],"collection":[{"href":"https:\/\/blogs.correiobraziliense.com.br\/servidor\/wp-json\/wp\/v2\/posts"}],"about":[{"href":"https:\/\/blogs.correiobraziliense.com.br\/servidor\/wp-json\/wp\/v2\/types\/post"}],"author":[{"embeddable":true,"href":"https:\/\/blogs.correiobraziliense.com.br\/servidor\/wp-json\/wp\/v2\/users\/27"}],"replies":[{"embeddable":true,"href":"https:\/\/blogs.correiobraziliense.com.br\/servidor\/wp-json\/wp\/v2\/comments?post=11138"}],"version-history":[{"count":1,"href":"https:\/\/blogs.correiobraziliense.com.br\/servidor\/wp-json\/wp\/v2\/posts\/11138\/revisions"}],"predecessor-version":[{"id":11139,"href":"https:\/\/blogs.correiobraziliense.com.br\/servidor\/wp-json\/wp\/v2\/posts\/11138\/revisions\/11139"}],"wp:attachment":[{"href":"https:\/\/blogs.correiobraziliense.com.br\/servidor\/wp-json\/wp\/v2\/media?parent=11138"}],"wp:term":[{"taxonomy":"category","embeddable":true,"href":"https:\/\/blogs.correiobraziliense.com.br\/servidor\/wp-json\/wp\/v2\/categories?post=11138"},{"taxonomy":"post_tag","embeddable":true,"href":"https:\/\/blogs.correiobraziliense.com.br\/servidor\/wp-json\/wp\/v2\/tags?post=11138"}],"curies":[{"name":"wp","href":"https:\/\/api.w.org\/{rel}","templated":true}]}}