{"id":11136,"date":"2018-11-28T12:40:05","date_gmt":"2018-11-28T14:40:05","guid":{"rendered":"https:\/\/blogs.correiobraziliense.com.br\/servidor\/?p=11136"},"modified":"2018-11-28T12:40:05","modified_gmt":"2018-11-28T14:40:05","slug":"auxilio-moradia-indiscriminado-precisa-ser-despejado-de-vez-diz-lider-do-pps","status":"publish","type":"post","link":"https:\/\/blogs.correiobraziliense.com.br\/servidor\/auxilio-moradia-indiscriminado-precisa-ser-despejado-de-vez-diz-lider-do-pps\/","title":{"rendered":"Aux\u00edlio-moradia indiscriminado precisa ser \u201cdespejado\u201d de vez, diz l\u00edder do PPS"},"content":{"rendered":"<p><em>Alex Manente: &#8220;Vivemos uma crise profunda e existe a necessidade de enxugamento de gastos p\u00fablicos. O Judici\u00e1rio precisa se dar o respeito e fazer a sua parte&#8221;<\/em><\/p>\n<p>O l\u00edder do PPS na C\u00e2mara, deputado federal Alex Manente (SP), afirmou nesta quarta-feira (28) que a novela em torno do pagamento de aux\u00edlio-moradia no servi\u00e7o p\u00fablico precisa ter um ponto final. Para ele, o mecanismo se transformou nos \u00faltimos anos em um \u201cpuxadinho\u201d para aumentar sal\u00e1rios, como ocorreu com a decis\u00e3o do ministro do Supremo Tribunal Federal (STF) Luiz Fux, que em liminar concedida h\u00e1 quatro anos tinha estendido o benef\u00edcio para todos os membros do Judici\u00e1rio e do Minist\u00e9rio P\u00fablico.<\/p>\n<p>\u201cEstenderam o aux\u00edlio-moradia com a desculpa de que n\u00e3o tiveram aumento. Agora, que conseguiram um sal\u00e1rio de 39 mil reais, suspenderam o pagamento, mas n\u00e3o eliminaram a possibilidade de o benef\u00edcio voltar a ser pago mesmo para quem trabalha na mesma cidade em que mora. Para a sociedade, fica claro que est\u00e3o agindo em causa pr\u00f3pria. O aux\u00edlio-moradia indiscriminado precisa ser \u2018despejado\u2019 de vez\u201d, defendeu o l\u00edder do PPS.<\/p>\n<p>Para Manente, esse tipo de benef\u00edcio, que sugou quase R$ 5 bilh\u00f5es do cofres p\u00fablicos, n\u00e3o se justifica. \u201cA grande massa dos trabalhadores brasileiros n\u00e3o tem direito a esse benef\u00edcio. Vivemos uma crise profunda e existe a necessidade de enxugamento de gastos p\u00fablicos. O Judici\u00e1rio precisa se dar o respeito e fazer a sua parte\u201d, afirmou o deputado.<\/p>\n<p>O deputado defendeu ainda que o Legislativo tamb\u00e9m fa\u00e7a a sua parte j\u00e1 que existem na C\u00e2mara e no Senado diversas propostas que regulamentam o pagamento do aux\u00edlio-moradia. \u201cJ\u00e1 que o Supremo n\u00e3o decidiu se o pagamento que estava sendo feito para ju\u00edzes e promotores \u00e9 ou n\u00e3o inconstitucional, cabe ao Congresso promover um freio para essa verdadeira farra. Na l\u00f3gica, aux\u00edlio-moradia s\u00f3 deveria ser pago para aquele agente p\u00fablico que \u00e9 convocado para trabalhar fora do seu local de domic\u00edlio\u201d, defendeu o l\u00edder do PPS.<\/p>\n<p>No caso do Judici\u00e1rio, o aux\u00edlio-moradia que era pago at\u00e9 mesmo para quem possui resid\u00eancia na pr\u00f3pria na cidade onde trabalha estava fixado em R$ 4,3 mil.<\/p>\n","protected":false},"excerpt":{"rendered":"<p>Alex Manente: &#8220;Vivemos uma crise profunda e existe a necessidade de enxugamento de gastos p\u00fablicos. O Judici\u00e1rio precisa se dar o respeito e fazer a sua parte&#8221; O l\u00edder do PPS na C\u00e2mara, deputado federal Alex Manente (SP), afirmou nesta quarta-feira (28) que a novela em torno do pagamento de aux\u00edlio-moradia no servi\u00e7o p\u00fablico precisa ter um ponto final. Para [&hellip;]<\/p>\n","protected":false},"author":27,"featured_media":0,"comment_status":"open","ping_status":"closed","sticky":false,"template":"","format":"standard","meta":{"footnotes":""},"categories":[2719],"tags":[343,366,14028,13094,1169,14027,64,1014,417,151,857,24,11676,30,34],"class_list":["post-11136","post","type-post","status-publish","format-standard","hentry","category-servidor","tag-auxilio-moradia","tag-crise","tag-despejado","tag-enxugamento","tag-gastos","tag-indiscriminado","tag-judiciario","tag-lider","tag-ministerio-publico","tag-pagamento","tag-pps","tag-publicos","tag-puxadinho","tag-salarios","tag-stf"],"_links":{"self":[{"href":"https:\/\/blogs.correiobraziliense.com.br\/servidor\/wp-json\/wp\/v2\/posts\/11136","targetHints":{"allow":["GET"]}}],"collection":[{"href":"https:\/\/blogs.correiobraziliense.com.br\/servidor\/wp-json\/wp\/v2\/posts"}],"about":[{"href":"https:\/\/blogs.correiobraziliense.com.br\/servidor\/wp-json\/wp\/v2\/types\/post"}],"author":[{"embeddable":true,"href":"https:\/\/blogs.correiobraziliense.com.br\/servidor\/wp-json\/wp\/v2\/users\/27"}],"replies":[{"embeddable":true,"href":"https:\/\/blogs.correiobraziliense.com.br\/servidor\/wp-json\/wp\/v2\/comments?post=11136"}],"version-history":[{"count":1,"href":"https:\/\/blogs.correiobraziliense.com.br\/servidor\/wp-json\/wp\/v2\/posts\/11136\/revisions"}],"predecessor-version":[{"id":11137,"href":"https:\/\/blogs.correiobraziliense.com.br\/servidor\/wp-json\/wp\/v2\/posts\/11136\/revisions\/11137"}],"wp:attachment":[{"href":"https:\/\/blogs.correiobraziliense.com.br\/servidor\/wp-json\/wp\/v2\/media?parent=11136"}],"wp:term":[{"taxonomy":"category","embeddable":true,"href":"https:\/\/blogs.correiobraziliense.com.br\/servidor\/wp-json\/wp\/v2\/categories?post=11136"},{"taxonomy":"post_tag","embeddable":true,"href":"https:\/\/blogs.correiobraziliense.com.br\/servidor\/wp-json\/wp\/v2\/tags?post=11136"}],"curies":[{"name":"wp","href":"https:\/\/api.w.org\/{rel}","templated":true}]}}