{"id":11108,"date":"2018-11-26T12:21:17","date_gmt":"2018-11-26T14:21:17","guid":{"rendered":"https:\/\/blogs.correiobraziliense.com.br\/servidor\/?p=11108"},"modified":"2018-11-26T12:21:17","modified_gmt":"2018-11-26T14:21:17","slug":"perigos-economicos-das-reformas-propostas-por-jair-bolsonaro","status":"publish","type":"post","link":"https:\/\/blogs.correiobraziliense.com.br\/servidor\/perigos-economicos-das-reformas-propostas-por-jair-bolsonaro\/","title":{"rendered":"Perigos econ\u00f4micos das reformas propostas por Jair Bolsonaro"},"content":{"rendered":"<p><em>\u201cSe, por um lado, a estrutura do Executivo ficar\u00e1 mais enxuta e haver\u00e1 redu\u00e7\u00e3o de despesas, por outro, a popularidade do governo rec\u00e9m-eleito pode diminuir. Mudan\u00e7as implicar\u00e3o em realoca\u00e7\u00e3o de pessoal, extin\u00e7\u00e3o de cargos e redu\u00e7\u00e3o de despesas (aluguel, manuten\u00e7\u00e3o, etc), mas tamb\u00e9m provocar\u00e3o certo desconforto em camadas da popula\u00e7\u00e3o. Adicionalmente, na pr\u00f3xima legislatura, o n\u00famero de parlamentares ligados ao funcionalismo deve dobrar. Isto pode implicar em obstru\u00e7\u00e3o de pautas importantes no Senado ou na C\u00e2mara, al\u00e9m de mobiliza\u00e7\u00f5es e protestos capazes de dificultar o funcionamento normal de Bras\u00edlia&#8221;<\/em><\/p>\n<p><strong><em>Daniel Xavier*<\/em><\/strong><\/p>\n<p>A altern\u00e2ncia de poder faz parte da din\u00e2mica pol\u00edtica. Num pa\u00eds como o Brasil onde h\u00e1 uma grande quantidade de partidos pol\u00edticos essa mudan\u00e7a se mostra mais forte, quando o presidente eleito tem ideias divergentes as do governo do mandato anterior, inclusive com riscos em todas as esferas, econ\u00f4mica, ambiental e social. O presidente eleito Jair Messias Bolsonaro, do Partido Social Liberal, apresenta ideias contr\u00e1rias as vigentes durante os mandatos anteriores como a jun\u00e7\u00e3o de Minist\u00e9rios para a redu\u00e7\u00e3o de gastos p\u00fablicos, legaliza\u00e7\u00e3o da posse de armas dentro das resid\u00eancias e as reformas no sistema previdenci\u00e1rio.<\/p>\n<p>A fus\u00e3o de Minist\u00e9rios pode ser considerada uma boa a\u00e7\u00e3o no quesito financeiro para a diminui\u00e7\u00e3o de gastos p\u00fablicos, por\u00e9m, pode trazer certas perdas. Dentre as reformas que est\u00e3o &#8220;saindo do papel&#8221; ap\u00f3s a vit\u00f3ria de Jair Bolsonaro, destacamos a administrativa. Se, por um lado, a estrutura do Executivo ficar\u00e1 mais enxuta e haver\u00e1 redu\u00e7\u00e3o de despesas, por outro, a popularidade do governo rec\u00e9m-eleito pode diminuir e os setores do Congresso mostrar\u00e3o algum desconforto com a perda de espa\u00e7o pol\u00edtic. A reforma administrativa proposta pelo presidente eleito englobar\u00e1 a redu\u00e7\u00e3o pela metade dos atuais 29 Minist\u00e9rios. Isto envolver\u00e1 a extin\u00e7\u00e3o de algumas Pastas, como por exemplo a do Trabalho e a fus\u00e3o de outras, como Fazenda, Planejamento, Ind\u00fastria e Com\u00e9rcio formar\u00e3o o Minist\u00e9rio da Economia.<\/p>\n<p>Da mesma maneira a reforma na previd\u00eancia \u00e9 extremamente necess\u00e1ria, mas deve ser feita de forma bastante elaborada e muito bem estruturada, por meio de estudos e pesquisas para que a popula\u00e7\u00e3o n\u00e3o seja prejudicada o m\u00ednimo poss\u00edvel. A proposta de Paulo Guedes, economista de Bolsonaro, \u00e9 de substitui\u00e7\u00e3o do sistema atual por um modelo de capitaliza\u00e7\u00e3o onde cada contribuinte colabora para a sua pr\u00f3pria aposentadoria. Esse fen\u00f4meno acabaria com o rombo da previd\u00eancia a longo prazo, na vis\u00e3o de Paulo Guedes e traria uma diminui\u00e7\u00e3o no valor da aposentadoria.<\/p>\n<p>Tais mudan\u00e7as implicar\u00e3o em realoca\u00e7\u00e3o de pessoal, extin\u00e7\u00e3o de cargos e redu\u00e7\u00e3o de despesas (aluguel, manuten\u00e7\u00e3o, etc), mas tamb\u00e9m provocar\u00e3o certo desconforto em camadas da popula\u00e7\u00e3o. Adicionalmente, na pr\u00f3xima legislatura, o n\u00famero de parlamentares ligados ao funcionalismo deve dobrar. Isto pode implicar em obstru\u00e7\u00e3o de pautas importantes no Senado ou na C\u00e2mara, al\u00e9m de mobiliza\u00e7\u00f5es e protestos capazes de dificultar o funcionamento normal de Bras\u00edlia. A dificuldade operacional de &#8220;superminist\u00e9rios&#8221; tamb\u00e9m \u00e9 um risco, especialmente quando contrastada com o ambiente da iniciativa privada. Talvez leve tempo, ou sejam necess\u00e1rios novos ajustes, at\u00e9 que o Minist\u00e9rio da Economia esteja 100% funcional.<\/p>\n<p><em>*Daniel Xavier<\/em> &#8211; Economista-chefe da DMI Group<\/p>\n","protected":false},"excerpt":{"rendered":"<p>\u201cSe, por um lado, a estrutura do Executivo ficar\u00e1 mais enxuta e haver\u00e1 redu\u00e7\u00e3o de despesas, por outro, a popularidade do governo rec\u00e9m-eleito pode diminuir. Mudan\u00e7as implicar\u00e3o em realoca\u00e7\u00e3o de pessoal, extin\u00e7\u00e3o de cargos e redu\u00e7\u00e3o de despesas (aluguel, manuten\u00e7\u00e3o, etc), mas tamb\u00e9m provocar\u00e3o certo desconforto em camadas da popula\u00e7\u00e3o. Adicionalmente, na pr\u00f3xima legislatura, o n\u00famero de parlamentares ligados ao [&hellip;]<\/p>\n","protected":false},"author":27,"featured_media":0,"comment_status":"open","ping_status":"closed","sticky":false,"template":"","format":"standard","meta":{"footnotes":""},"categories":[2719],"tags":[61,791,235,14001,7312,9,2114,1164,13649,497,268,13999,1153,922,555,14000,1893,696],"class_list":["post-11108","post","type-post","status-publish","format-standard","hentry","category-servidor","tag-camara","tag-cargos","tag-despesas","tag-despess","tag-economicos","tag-executivo","tag-extincao","tag-funcionalismo","tag-jair-bolsonaro","tag-mobilizacoes","tag-parlamentares","tag-pergos","tag-pessoal","tag-propostas","tag-protestos","tag-realocacao","tag-reformas","tag-senado"],"_links":{"self":[{"href":"https:\/\/blogs.correiobraziliense.com.br\/servidor\/wp-json\/wp\/v2\/posts\/11108","targetHints":{"allow":["GET"]}}],"collection":[{"href":"https:\/\/blogs.correiobraziliense.com.br\/servidor\/wp-json\/wp\/v2\/posts"}],"about":[{"href":"https:\/\/blogs.correiobraziliense.com.br\/servidor\/wp-json\/wp\/v2\/types\/post"}],"author":[{"embeddable":true,"href":"https:\/\/blogs.correiobraziliense.com.br\/servidor\/wp-json\/wp\/v2\/users\/27"}],"replies":[{"embeddable":true,"href":"https:\/\/blogs.correiobraziliense.com.br\/servidor\/wp-json\/wp\/v2\/comments?post=11108"}],"version-history":[{"count":1,"href":"https:\/\/blogs.correiobraziliense.com.br\/servidor\/wp-json\/wp\/v2\/posts\/11108\/revisions"}],"predecessor-version":[{"id":11109,"href":"https:\/\/blogs.correiobraziliense.com.br\/servidor\/wp-json\/wp\/v2\/posts\/11108\/revisions\/11109"}],"wp:attachment":[{"href":"https:\/\/blogs.correiobraziliense.com.br\/servidor\/wp-json\/wp\/v2\/media?parent=11108"}],"wp:term":[{"taxonomy":"category","embeddable":true,"href":"https:\/\/blogs.correiobraziliense.com.br\/servidor\/wp-json\/wp\/v2\/categories?post=11108"},{"taxonomy":"post_tag","embeddable":true,"href":"https:\/\/blogs.correiobraziliense.com.br\/servidor\/wp-json\/wp\/v2\/tags?post=11108"}],"curies":[{"name":"wp","href":"https:\/\/api.w.org\/{rel}","templated":true}]}}