{"id":111,"date":"2015-03-06T12:16:00","date_gmt":"2015-03-06T15:16:00","guid":{"rendered":"https:\/\/blogs.correiobraziliense.com.br\/servidor\/amagis_lanca_revista_especial_em_homenagem_as_mulheres\/"},"modified":"2015-03-06T12:16:00","modified_gmt":"2015-03-06T15:16:00","slug":"amagis_lanca_revista_especial_em_homenagem_as_mulheres","status":"publish","type":"post","link":"https:\/\/blogs.correiobraziliense.com.br\/servidor\/amagis_lanca_revista_especial_em_homenagem_as_mulheres\/","title":{"rendered":"AMAGIS LAN\u00c7A REVISTA ESPECIAL EM HOMENAGEM \u00c0S MULHERES"},"content":{"rendered":"<p>A Associa\u00e7\u00e3o dos Magistrados do DF  (Amagis) est\u00e1 lan\u00e7ando a revista \u201cA Mulher e a Justi\u00e7a\u201d, por ocasi\u00e3o da  celebra\u00e7\u00e3o do Dia Internacional da Mulher. A publica\u00e7\u00e3o tem poesias,  cr\u00f4nicas e artigos, em sua maioria de autoria de ju\u00edzes das Varas C\u00edveis  e Criminais que tratam diariamente da viol\u00eancia no  \u00e2mbito familiar. O lan\u00e7amento ser\u00e1 hoje, \u00e0s 18h30, em um  coquetel para associados, imprensa e convidados, no Memorial  TJDFT. &nbsp; O evento abre oficialmente a  exposi\u00e7\u00e3o \u201cSantas Mulheres\u201d, do artista pl\u00e1stico Andr\u00e9 Lafet\u00e1. As obras &#8211; cerca  de 10 pain\u00e9is que simbolizam as mais  diferentes mulheres brasileiras que sofrem com a viol\u00eancia dom\u00e9stica &#8211;  ficar\u00e3o expostas no Espa\u00e7o  Desembargadora Lila Pimenta Duarte, no Memorial do TJDFT, de 9 e 18 de mar\u00e7o, e  depois seguem para diversos F\u00f3runs do DF, em car\u00e1ter itinerante, como parte da  programa\u00e7\u00e3o da Amagis-DF para o m\u00eas das mulheres. <\/p>\n<p>Bras\u00edlia, 12h15min <\/p>\n","protected":false},"excerpt":{"rendered":"<p>A Associa\u00e7\u00e3o dos Magistrados do DF (Amagis) est\u00e1 lan\u00e7ando a revista \u201cA Mulher e a Justi\u00e7a\u201d, por ocasi\u00e3o da celebra\u00e7\u00e3o do Dia Internacional da Mulher. A publica\u00e7\u00e3o tem poesias, cr\u00f4nicas e artigos, em sua maioria de autoria de ju\u00edzes das Varas C\u00edveis e Criminais que tratam diariamente da viol\u00eancia no \u00e2mbito familiar. O lan\u00e7amento ser\u00e1 hoje, \u00e0s 18h30, em um [&hellip;]<\/p>\n","protected":false},"author":27,"featured_media":0,"comment_status":"open","ping_status":"open","sticky":false,"template":"","format":"standard","meta":{"footnotes":""},"categories":[1],"tags":[],"class_list":["post-111","post","type-post","status-publish","format-standard","hentry","category-sem-categoria"],"_links":{"self":[{"href":"https:\/\/blogs.correiobraziliense.com.br\/servidor\/wp-json\/wp\/v2\/posts\/111","targetHints":{"allow":["GET"]}}],"collection":[{"href":"https:\/\/blogs.correiobraziliense.com.br\/servidor\/wp-json\/wp\/v2\/posts"}],"about":[{"href":"https:\/\/blogs.correiobraziliense.com.br\/servidor\/wp-json\/wp\/v2\/types\/post"}],"author":[{"embeddable":true,"href":"https:\/\/blogs.correiobraziliense.com.br\/servidor\/wp-json\/wp\/v2\/users\/27"}],"replies":[{"embeddable":true,"href":"https:\/\/blogs.correiobraziliense.com.br\/servidor\/wp-json\/wp\/v2\/comments?post=111"}],"version-history":[{"count":0,"href":"https:\/\/blogs.correiobraziliense.com.br\/servidor\/wp-json\/wp\/v2\/posts\/111\/revisions"}],"wp:attachment":[{"href":"https:\/\/blogs.correiobraziliense.com.br\/servidor\/wp-json\/wp\/v2\/media?parent=111"}],"wp:term":[{"taxonomy":"category","embeddable":true,"href":"https:\/\/blogs.correiobraziliense.com.br\/servidor\/wp-json\/wp\/v2\/categories?post=111"},{"taxonomy":"post_tag","embeddable":true,"href":"https:\/\/blogs.correiobraziliense.com.br\/servidor\/wp-json\/wp\/v2\/tags?post=111"}],"curies":[{"name":"wp","href":"https:\/\/api.w.org\/{rel}","templated":true}]}}