{"id":11096,"date":"2018-11-23T16:08:09","date_gmt":"2018-11-23T18:08:09","guid":{"rendered":"https:\/\/blogs.correiobraziliense.com.br\/servidor\/?p=11096"},"modified":"2018-11-23T16:08:09","modified_gmt":"2018-11-23T18:08:09","slug":"sindicatos-contra-a-reforma-da-previdencia","status":"publish","type":"post","link":"https:\/\/blogs.correiobraziliense.com.br\/servidor\/sindicatos-contra-a-reforma-da-previdencia\/","title":{"rendered":"Sindicatos contra a reforma da Previd\u00eancia"},"content":{"rendered":"<p><em>Representantes de 65 entidades nacionais e regionais fizeram o corpo a corpo com deputados federais contra a vota\u00e7\u00e3o da reforma da Previd\u00eancia ainda neste ano<\/em><\/p>\n<p>Na oportunidade, foi entregue uma carta aos parlamentares pedindo a n\u00e3o aprova\u00e7\u00e3o da reforma da Previd\u00eancia e se dispondo a colaborar na constru\u00e7\u00e3o de uma nova propositura que respeite o estado social implantado na Constitui\u00e7\u00e3o de 1988. Segundo o deputado Chico Alencar, l\u00edder do PSOL na C\u00e2mara, \u00e9 quase certo a reforma da Previd\u00eancia n\u00e3o ser\u00e1 votada em 2018, pois o governo Bolsonaro errou nas tratativas com os deputados da base do governo, tentando impor a vota\u00e7\u00e3o. &#8220;Aqui na C\u00e2mara n\u00e3o h\u00e1 espa\u00e7o para imposi\u00e7\u00e3o, \u00e9 preciso dialogar&#8221;, afirmou.<\/p>\n<p>\u201c\u00c9 evidente a necessidade de adequar a legisla\u00e7\u00e3o previdenci\u00e1ria devido \u00e0 evolu\u00e7\u00e3o demogr\u00e1fica. Contudo, a PEC proposta pelo presidente Michel Temer e as linhas defendidas pelo presidente eleito, Jair Bolsonaro, v\u00e3o no caminho de acabar com o estado social. Acreditamos que o debate honesto com a sociedade pode ajudar a encontrar uma solu\u00e7\u00e3o que n\u00e3o prejudique os trabalhadores\u201d, afirma Pedro Lopes, diretor parlamentar da Federa\u00e7\u00e3o Nacional do Fisco Estadual e Distrital (Fenafisco), uma das entidades que participaram da mobiliza\u00e7\u00e3o, ao longo da tarde de ontem.<\/p>\n","protected":false},"excerpt":{"rendered":"<p>Representantes de 65 entidades nacionais e regionais fizeram o corpo a corpo com deputados federais contra a vota\u00e7\u00e3o da reforma da Previd\u00eancia ainda neste ano Na oportunidade, foi entregue uma carta aos parlamentares pedindo a n\u00e3o aprova\u00e7\u00e3o da reforma da Previd\u00eancia e se dispondo a colaborar na constru\u00e7\u00e3o de uma nova propositura que respeite o estado social implantado na Constitui\u00e7\u00e3o [&hellip;]<\/p>\n","protected":false},"author":27,"featured_media":0,"comment_status":"open","ping_status":"closed","sticky":false,"template":"","format":"standard","meta":{"footnotes":""},"categories":[2719],"tags":[2584,1298,200,9727,3214,3801,1498],"class_list":["post-11096","post","type-post","status-publish","format-standard","hentry","category-servidor","tag-constituicao","tag-deputados","tag-nacionais","tag-reforma-da-previdencia","tag-regionais","tag-sindicatos","tag-votacao"],"_links":{"self":[{"href":"https:\/\/blogs.correiobraziliense.com.br\/servidor\/wp-json\/wp\/v2\/posts\/11096","targetHints":{"allow":["GET"]}}],"collection":[{"href":"https:\/\/blogs.correiobraziliense.com.br\/servidor\/wp-json\/wp\/v2\/posts"}],"about":[{"href":"https:\/\/blogs.correiobraziliense.com.br\/servidor\/wp-json\/wp\/v2\/types\/post"}],"author":[{"embeddable":true,"href":"https:\/\/blogs.correiobraziliense.com.br\/servidor\/wp-json\/wp\/v2\/users\/27"}],"replies":[{"embeddable":true,"href":"https:\/\/blogs.correiobraziliense.com.br\/servidor\/wp-json\/wp\/v2\/comments?post=11096"}],"version-history":[{"count":1,"href":"https:\/\/blogs.correiobraziliense.com.br\/servidor\/wp-json\/wp\/v2\/posts\/11096\/revisions"}],"predecessor-version":[{"id":11097,"href":"https:\/\/blogs.correiobraziliense.com.br\/servidor\/wp-json\/wp\/v2\/posts\/11096\/revisions\/11097"}],"wp:attachment":[{"href":"https:\/\/blogs.correiobraziliense.com.br\/servidor\/wp-json\/wp\/v2\/media?parent=11096"}],"wp:term":[{"taxonomy":"category","embeddable":true,"href":"https:\/\/blogs.correiobraziliense.com.br\/servidor\/wp-json\/wp\/v2\/categories?post=11096"},{"taxonomy":"post_tag","embeddable":true,"href":"https:\/\/blogs.correiobraziliense.com.br\/servidor\/wp-json\/wp\/v2\/tags?post=11096"}],"curies":[{"name":"wp","href":"https:\/\/api.w.org\/{rel}","templated":true}]}}