{"id":11063,"date":"2018-11-21T12:23:57","date_gmt":"2018-11-21T14:23:57","guid":{"rendered":"https:\/\/blogs.correiobraziliense.com.br\/servidor\/?p=11063"},"modified":"2018-11-21T12:23:57","modified_gmt":"2018-11-21T14:23:57","slug":"premio-senam-2019-aberto-o-periodo-de-inscricoes-de-trabalhos","status":"publish","type":"post","link":"https:\/\/blogs.correiobraziliense.com.br\/servidor\/premio-senam-2019-aberto-o-periodo-de-inscricoes-de-trabalhos\/","title":{"rendered":"Pr\u00eamio SENAM\u00ae 2019 &#8211; Aberto o per\u00edodo de inscri\u00e7\u00f5es de trabalhos"},"content":{"rendered":"<p><em>Nesta edi\u00e7\u00e3o, ser\u00e3o abordadas duas categorias: \u201cGest\u00e3o Tribut\u00e1ria\u201d e \u201cGest\u00e3o Or\u00e7ament\u00e1ria ou do Gasto P\u00fablico\u201d. O primeiro colocada ganha um pr\u00eamio de R$ 5 mil, e o segundo, R$ 3 mil. O per\u00edodo para envio dos trabalhos termina em 15 de dezembro de 2018<\/em><\/p>\n<p>Os trabalhos dever\u00e3o ser enviados pela p\u00e1gina www.senam.org.br\/trabalhos, podendo inclusive tratar de cases de sucesso, e passar\u00e3o por avalia\u00e7\u00e3o especializada sob responsabilidade do Instituto Nacional de Defesa em Processo Administrativo (Indepad). Al\u00e9m das premia\u00e7\u00f5es, os demais trabalhos que de destaque da banca examinadora tamb\u00e9m integrar\u00e3o o livro \u201cGest\u00e3o Tribut\u00e1ria Municipal e Tributos Municipais\u201d vol.7, publicado em parceria com a Editora Quartier Latin, que ser\u00e1 lan\u00e7ado e oferecido aos participantes na abertura do X SENAM\u00ae, de 12 a 14 de junho de 2019, no Centro de Conven\u00e7\u00f5es do Hotel Maksoud Plaza em S\u00e3o Paulo (SP).<\/p>\n<p>\u201cHistoricamente, temos no SENAM\u00ae n\u00e3o apenas um palco para intera\u00e7\u00e3o entre os principais atores das administra\u00e7\u00f5es p\u00fablicas municipais e representantes da sociedade, mas sobretudo um espa\u00e7o para debates de ideias e difus\u00e3o de melhores pr\u00e1ticas na gest\u00e3o fiscal\u201d, avalia Rafael Aguirrez\u00e1bal, coordenador geral do SENAM\u00ae.<\/p>\n<p>\u201cO SENAM\u00ae consolidou-se como o principal foro nacional e da Am\u00e9rica Latina para o debate de temas de gest\u00e3o fiscal municipal, sendo que as ideias tratadas e difundidas nas edi\u00e7\u00f5es anteriores contribu\u00edram sobremaneira para aprimorar a excel\u00eancia das administra\u00e7\u00f5es p\u00fablicas municipais e, consequentemente, a melhoria dos servi\u00e7os p\u00fablicos nas cidades\u201d, pontua Alberto Macedo, coordenador cient\u00edfico do SENAM\u00ae.<\/p>\n<p>X SENAM \u2013 O encontro busca identificar, avaliar, documentar e difundir as melhores pr\u00e1ticas de gest\u00e3o fiscal em munic\u00edpios, al\u00e9m de contribuir para um melhor desempenho das administra\u00e7\u00f5es p\u00fablicas municipais, aprimorar a capacidade t\u00e9cnica dos \u00f3rg\u00e3os arrecadadores e a qualidade do atendimento ao p\u00fablico, debater quest\u00f5es relacionadas \u00e0 melhoria do gasto p\u00fablico municipal e fortalecer as prefeituras para cumprirem sua miss\u00e3o junto \u00e0 sociedade. As inscri\u00e7\u00f5es para o evento ser\u00e3o abertas em breve.<\/p>\n<p>Acesse o v\u00eddeo da \u00faltima edi\u00e7\u00e3o: https:\/\/www.youtube.com\/watch?v=S04PzqjCyUE<\/p>\n<p><strong>Servi\u00e7o<\/strong><\/p>\n<p>Inscri\u00e7\u00f5es de trabalhos e regulamento da premia\u00e7\u00e3o: www.senam.org.br\/trabalhos<\/p>\n<p>Encerramento da Chamada de Trabalhos: 15.12.2018<\/p>\n<p>Importante: N\u00e3o \u00e9 necess\u00e1rio fazer o pagamento da inscri\u00e7\u00e3o do evento para o envio do trabalho.<\/p>\n","protected":false},"excerpt":{"rendered":"<p>Nesta edi\u00e7\u00e3o, ser\u00e3o abordadas duas categorias: \u201cGest\u00e3o Tribut\u00e1ria\u201d e \u201cGest\u00e3o Or\u00e7ament\u00e1ria ou do Gasto P\u00fablico\u201d. O primeiro colocada ganha um pr\u00eamio de R$ 5 mil, e o segundo, R$ 3 mil. O per\u00edodo para envio dos trabalhos termina em 15 de dezembro de 2018 Os trabalhos dever\u00e3o ser enviados pela p\u00e1gina www.senam.org.br\/trabalhos, podendo inclusive tratar de cases de sucesso, e [&hellip;]<\/p>\n","protected":false},"author":27,"featured_media":0,"comment_status":"open","ping_status":"closed","sticky":false,"template":"","format":"standard","meta":{"footnotes":""},"categories":[2719],"tags":[863,2727,13958,5296,1635,315,13959,781,1079,1690,1994,69,13957,241,4112,692,1307,1825],"class_list":["post-11063","post","type-post","status-publish","format-standard","hentry","category-servidor","tag-avaliacao","tag-banca","tag-cases","tag-examinadora","tag-gasto","tag-gestao","tag-indepad","tag-inscricoes","tag-livro","tag-municipais","tag-orcamentaria","tag-premio","tag-premio-senam","tag-publico","tag-sucesso","tag-trabalhos","tag-tributaria","tag-tributos"],"_links":{"self":[{"href":"https:\/\/blogs.correiobraziliense.com.br\/servidor\/wp-json\/wp\/v2\/posts\/11063","targetHints":{"allow":["GET"]}}],"collection":[{"href":"https:\/\/blogs.correiobraziliense.com.br\/servidor\/wp-json\/wp\/v2\/posts"}],"about":[{"href":"https:\/\/blogs.correiobraziliense.com.br\/servidor\/wp-json\/wp\/v2\/types\/post"}],"author":[{"embeddable":true,"href":"https:\/\/blogs.correiobraziliense.com.br\/servidor\/wp-json\/wp\/v2\/users\/27"}],"replies":[{"embeddable":true,"href":"https:\/\/blogs.correiobraziliense.com.br\/servidor\/wp-json\/wp\/v2\/comments?post=11063"}],"version-history":[{"count":1,"href":"https:\/\/blogs.correiobraziliense.com.br\/servidor\/wp-json\/wp\/v2\/posts\/11063\/revisions"}],"predecessor-version":[{"id":11064,"href":"https:\/\/blogs.correiobraziliense.com.br\/servidor\/wp-json\/wp\/v2\/posts\/11063\/revisions\/11064"}],"wp:attachment":[{"href":"https:\/\/blogs.correiobraziliense.com.br\/servidor\/wp-json\/wp\/v2\/media?parent=11063"}],"wp:term":[{"taxonomy":"category","embeddable":true,"href":"https:\/\/blogs.correiobraziliense.com.br\/servidor\/wp-json\/wp\/v2\/categories?post=11063"},{"taxonomy":"post_tag","embeddable":true,"href":"https:\/\/blogs.correiobraziliense.com.br\/servidor\/wp-json\/wp\/v2\/tags?post=11063"}],"curies":[{"name":"wp","href":"https:\/\/api.w.org\/{rel}","templated":true}]}}