{"id":11061,"date":"2018-11-20T20:21:25","date_gmt":"2018-11-20T22:21:25","guid":{"rendered":"https:\/\/blogs.correiobraziliense.com.br\/servidor\/?p=11061"},"modified":"2018-11-20T20:21:25","modified_gmt":"2018-11-20T22:21:25","slug":"policiais-federais-avaliam-indicacao-de-valeixo-por-moro","status":"publish","type":"post","link":"https:\/\/blogs.correiobraziliense.com.br\/servidor\/policiais-federais-avaliam-indicacao-de-valeixo-por-moro\/","title":{"rendered":"Policiais federais avaliam indica\u00e7\u00e3o de Valeixo por Moro"},"content":{"rendered":"<p>&#8220;A Federa\u00e7\u00e3o Nacional dos Policiais Federais (Fenapef), entidade que representa os mais de 14 mil policiais federais brasileiros, avalia positivamente a indica\u00e7\u00e3o do delegado Maur\u00edcio Valeixo para o cargo de diretor-geral da Pol\u00edcia Federal.<\/p>\n<p>Para a Fenapef, Maur\u00edcio Valeixo \u00e9 um dos nomes mais qualificados entre os cotados para assumir o cargo. Possui perfil t\u00e9cnico e bom relacionamento com os policiais federais com quem trabalhou, especialmente no \u00e2mbito da Lava Jato.<\/p>\n<p>Al\u00e9m disso, em conversa pr\u00e9via com dirigentes da Fenapef, Valeixo sinalizou que pretende dar continuidade \u00e0 constru\u00e7\u00e3o de uma Lei Org\u00e2nica para a Pol\u00edcia Federal, com a participa\u00e7\u00e3o das entidades representativas, dando um passo significativo para a reestrutura\u00e7\u00e3o e moderniza\u00e7\u00e3o do \u00f3rg\u00e3o.<\/p>\n<p>Quanto \u00e0 sa\u00edda do atual diretor-geral, Rog\u00e9rio Galloro, a Fenapef entende n\u00e3o haver qualquer dem\u00e9rito, uma vez que a indica\u00e7\u00e3o do cargo \u00e9 pol\u00edtica.<\/p>\n<p>Os policiais federais agradecem o empenho e a seriedade com que Galloro conduziu os trabalhos da Pol\u00edcia Federal nos \u00faltimos dez meses, de forma participativa e alinhada aos anseios dos servidores.<\/p>\n<p>Lu\u00eds Ant\u00f4nio de Ara\u00fajo Boudens<br \/>\nPresidente da Fenapef&#8221;<\/p>\n","protected":false},"excerpt":{"rendered":"<p>&#8220;A Federa\u00e7\u00e3o Nacional dos Policiais Federais (Fenapef), entidade que representa os mais de 14 mil policiais federais brasileiros, avalia positivamente a indica\u00e7\u00e3o do delegado Maur\u00edcio Valeixo para o cargo de diretor-geral da Pol\u00edcia Federal. Para a Fenapef, Maur\u00edcio Valeixo \u00e9 um dos nomes mais qualificados entre os cotados para assumir o cargo. Possui perfil t\u00e9cnico e bom relacionamento com os [&hellip;]<\/p>\n","protected":false},"author":27,"featured_media":0,"comment_status":"open","ping_status":"closed","sticky":false,"template":"","format":"standard","meta":{"footnotes":""},"categories":[2719],"tags":[300,13956,2355,5006,107,2165,6701,4946,1407,5763,11430,1376],"class_list":["post-11061","post","type-post","status-publish","format-standard","hentry","category-servidor","tag-cargo","tag-cotado","tag-delegado","tag-diretor-geral","tag-fenapef","tag-indicacao","tag-lei-organica","tag-modernizacao","tag-operacao-lava-jato","tag-policiais-federais","tag-qualificado","tag-reestruturacao"],"_links":{"self":[{"href":"https:\/\/blogs.correiobraziliense.com.br\/servidor\/wp-json\/wp\/v2\/posts\/11061","targetHints":{"allow":["GET"]}}],"collection":[{"href":"https:\/\/blogs.correiobraziliense.com.br\/servidor\/wp-json\/wp\/v2\/posts"}],"about":[{"href":"https:\/\/blogs.correiobraziliense.com.br\/servidor\/wp-json\/wp\/v2\/types\/post"}],"author":[{"embeddable":true,"href":"https:\/\/blogs.correiobraziliense.com.br\/servidor\/wp-json\/wp\/v2\/users\/27"}],"replies":[{"embeddable":true,"href":"https:\/\/blogs.correiobraziliense.com.br\/servidor\/wp-json\/wp\/v2\/comments?post=11061"}],"version-history":[{"count":1,"href":"https:\/\/blogs.correiobraziliense.com.br\/servidor\/wp-json\/wp\/v2\/posts\/11061\/revisions"}],"predecessor-version":[{"id":11062,"href":"https:\/\/blogs.correiobraziliense.com.br\/servidor\/wp-json\/wp\/v2\/posts\/11061\/revisions\/11062"}],"wp:attachment":[{"href":"https:\/\/blogs.correiobraziliense.com.br\/servidor\/wp-json\/wp\/v2\/media?parent=11061"}],"wp:term":[{"taxonomy":"category","embeddable":true,"href":"https:\/\/blogs.correiobraziliense.com.br\/servidor\/wp-json\/wp\/v2\/categories?post=11061"},{"taxonomy":"post_tag","embeddable":true,"href":"https:\/\/blogs.correiobraziliense.com.br\/servidor\/wp-json\/wp\/v2\/tags?post=11061"}],"curies":[{"name":"wp","href":"https:\/\/api.w.org\/{rel}","templated":true}]}}