{"id":11059,"date":"2018-11-20T17:44:40","date_gmt":"2018-11-20T19:44:40","guid":{"rendered":"https:\/\/blogs.correiobraziliense.com.br\/servidor\/?p=11059"},"modified":"2018-11-20T17:44:40","modified_gmt":"2018-11-20T19:44:40","slug":"adpf-nota-sobre-a-nomeacao-do-delegado-mauricio-valeixo","status":"publish","type":"post","link":"https:\/\/blogs.correiobraziliense.com.br\/servidor\/adpf-nota-sobre-a-nomeacao-do-delegado-mauricio-valeixo\/","title":{"rendered":"ADPF &#8211; Nota sobre a nomea\u00e7\u00e3o do delegado Mauricio Valeixo"},"content":{"rendered":"<p><em>\u201cA Associa\u00e7\u00e3o Nacional dos Delegados de Pol\u00edcia Federal (ADPF) parabeniza o delegado de Pol\u00edcia Federal Maur\u00edcio Leite Valeixo pela indica\u00e7\u00e3o nesta ter\u00e7a-feira (20) ao cargo de Diretor-Geral da Pol\u00edcia Federal.<\/em><\/p>\n<p>Delegado federal h\u00e1 mais de duas d\u00e9cadas, Valeixo assumir\u00e1 o comando do \u00f3rg\u00e3o em um momento singular de esperan\u00e7a pelo fortalecimento das institui\u00e7\u00f5es de Estado, cuja miss\u00e3o principal ser\u00e1 preparar a PF para as futuras gera\u00e7\u00f5es, tanto no aspecto legislativo como no administrativo, a fim de que possa continuar o combate \u00e0 corrup\u00e7\u00e3o e \u00e0s organiza\u00e7\u00f5es criminosas, proteg\u00ea-la de inger\u00eancias pol\u00edticas e dot\u00e1-la da autonomia necess\u00e1ria para investigar quem quer que seja, independentemente do contexto em vigor.<\/p>\n<p>A ADPF parabeniza igualmente a delegada Erika Marena pela indica\u00e7\u00e3o para dirigir o Departamento de Recupera\u00e7\u00e3o de Ativos e Coopera\u00e7\u00e3o Jur\u00eddica Internacional (DRCI), bem como o delegado Rog\u00e9rio Galloro pela gest\u00e3o realizada \u00e0 frente do \u00f3rg\u00e3o. Galloro recebeu a Pol\u00edcia Federal em momento delicado e a conduziu com t\u00e9cnica e profissionalismo. A Associa\u00e7\u00e3o deseja-lhe sucesso nas miss\u00f5es que eventualmente venha a receber quando deixar a Dire\u00e7\u00e3o-Geral da corpora\u00e7\u00e3o.\u201d<\/p>\n<p>Edvandir Felix de Paiva, presidente da ADPF<\/p>\n","protected":false},"excerpt":{"rendered":"<p>\u201cA Associa\u00e7\u00e3o Nacional dos Delegados de Pol\u00edcia Federal (ADPF) parabeniza o delegado de Pol\u00edcia Federal Maur\u00edcio Leite Valeixo pela indica\u00e7\u00e3o nesta ter\u00e7a-feira (20) ao cargo de Diretor-Geral da Pol\u00edcia Federal. Delegado federal h\u00e1 mais de duas d\u00e9cadas, Valeixo assumir\u00e1 o comando do \u00f3rg\u00e3o em um momento singular de esperan\u00e7a pelo fortalecimento das institui\u00e7\u00f5es de Estado, cuja miss\u00e3o principal ser\u00e1 preparar [&hellip;]<\/p>\n","protected":false},"author":27,"featured_media":0,"comment_status":"open","ping_status":"closed","sticky":false,"template":"","format":"standard","meta":{"footnotes":""},"categories":[2719],"tags":[348,1308,204,13952,13953,2355,13955,13954,124,2165,5198,13951,307],"class_list":["post-11059","post","type-post","status-publish","format-standard","hentry","category-servidor","tag-adpf","tag-autonomia","tag-combate","tag-corrucao","tag-delegada","tag-delegado","tag-drci","tag-erika-marena","tag-federal","tag-indicacao","tag-investigar","tag-mauricio-valeixo","tag-nomeacao"],"_links":{"self":[{"href":"https:\/\/blogs.correiobraziliense.com.br\/servidor\/wp-json\/wp\/v2\/posts\/11059","targetHints":{"allow":["GET"]}}],"collection":[{"href":"https:\/\/blogs.correiobraziliense.com.br\/servidor\/wp-json\/wp\/v2\/posts"}],"about":[{"href":"https:\/\/blogs.correiobraziliense.com.br\/servidor\/wp-json\/wp\/v2\/types\/post"}],"author":[{"embeddable":true,"href":"https:\/\/blogs.correiobraziliense.com.br\/servidor\/wp-json\/wp\/v2\/users\/27"}],"replies":[{"embeddable":true,"href":"https:\/\/blogs.correiobraziliense.com.br\/servidor\/wp-json\/wp\/v2\/comments?post=11059"}],"version-history":[{"count":1,"href":"https:\/\/blogs.correiobraziliense.com.br\/servidor\/wp-json\/wp\/v2\/posts\/11059\/revisions"}],"predecessor-version":[{"id":11060,"href":"https:\/\/blogs.correiobraziliense.com.br\/servidor\/wp-json\/wp\/v2\/posts\/11059\/revisions\/11060"}],"wp:attachment":[{"href":"https:\/\/blogs.correiobraziliense.com.br\/servidor\/wp-json\/wp\/v2\/media?parent=11059"}],"wp:term":[{"taxonomy":"category","embeddable":true,"href":"https:\/\/blogs.correiobraziliense.com.br\/servidor\/wp-json\/wp\/v2\/categories?post=11059"},{"taxonomy":"post_tag","embeddable":true,"href":"https:\/\/blogs.correiobraziliense.com.br\/servidor\/wp-json\/wp\/v2\/tags?post=11059"}],"curies":[{"name":"wp","href":"https:\/\/api.w.org\/{rel}","templated":true}]}}