{"id":11043,"date":"2018-11-20T15:19:26","date_gmt":"2018-11-20T17:19:26","guid":{"rendered":"https:\/\/blogs.correiobraziliense.com.br\/servidor\/?p=11043"},"modified":"2018-11-20T15:19:26","modified_gmt":"2018-11-20T17:19:26","slug":"toffoli-defende-engajamento-da-sociedade-pela-igualdade-racial","status":"publish","type":"post","link":"https:\/\/blogs.correiobraziliense.com.br\/servidor\/toffoli-defende-engajamento-da-sociedade-pela-igualdade-racial\/","title":{"rendered":"Toffoli defende engajamento da sociedade pela igualdade racial"},"content":{"rendered":"<p><em>O presidente do Conselho Nacional de Justi\u00e7a (CNJ) e do Supremo Tribunal Federal (STF), ministro Dias Toffoli, defendeu, durante entrega do Trof\u00e9u Ra\u00e7a Negra 2018, em S\u00e3o Paulo, que a sociedade civil e a iniciativa privada brasileiras se engajem em a\u00e7\u00f5es pela igualdade de oportunidades entre brancos e negros. \u201cPassados quinze anos da ado\u00e7\u00e3o do sistema de cotas [para acesso a universidades e cargos p\u00fablicos], \u00e9 importante que tamb\u00e9m a sociedade civil e a iniciativa privada se engajem nessa aproxima\u00e7\u00e3o real de igualdade de oportunidades entre brancos e negros\u201d, afirmou.<\/em><\/p>\n<p>O pr\u00eamio criado pela ONG Afrobras \u2013 Sociedade Afrobrasileira de Desenvolvimento S\u00f3cio Cultural foi entregue em solenidade realizada na Faculdade Zumbi dos Palmares. Desde o ano 2000, o reconhecimento \u00e9 dado a personalidades que contribuem para a inclus\u00e3o social do povo negro e afirma\u00e7\u00e3o da sua cultura.<\/p>\n<p>Na oportunidade, Toffoli recebeu a estatueta do \u201cOscar da Comunidade Negra\u201d por apoiar as a\u00e7\u00f5es afirmativas fundadas em crit\u00e9rio \u00e9tnico-racial para acesso \u00e0s universidades p\u00fablicas e aos cargos efetivos e empregos p\u00fablicos. Em 2012, o STF confirmou a legitimidade do sistema para ingresso, inclusive, nas For\u00e7as Armadas. \u201cO Poder Judici\u00e1rio brasileiro reconhece a necessidade de pol\u00edticas inclusivas destinadas \u00e0 concretiza\u00e7\u00e3o do ideal de igualdade, que proporcionem a ocupa\u00e7\u00e3o democr\u00e1tica dos espa\u00e7os de poder pol\u00edtico e social\u201d, disse.<\/p>\n<p>Em seu discurso, o ministro parabenizou as institui\u00e7\u00f5es envolvidas pelo trabalho desenvolvido em prol da inser\u00e7\u00e3o socioecon\u00f4mica, cultural e educacional dos jovens negros no Brasil. Tamb\u00e9m destacou as homenagens aos familiares da vereadora Marielle Franco, morta em mar\u00e7o de 2018, no Rio de Janeiro, juntamente com o motorista de seu carro Anderson Pedro Mathias. \u201cO seu exemplo de coragem, dignidade, ren\u00fancia, desprendimento e determina\u00e7\u00e3o exige de todos n\u00f3s uni\u00e3o e engajamento na luta incessante por Justi\u00e7a e igualdade\u201d, afirmou Toffoli. O caso ainda n\u00e3o foi esclarecido pelas autoridades.<\/p>\n","protected":false},"excerpt":{"rendered":"<p>O presidente do Conselho Nacional de Justi\u00e7a (CNJ) e do Supremo Tribunal Federal (STF), ministro Dias Toffoli, defendeu, durante entrega do Trof\u00e9u Ra\u00e7a Negra 2018, em S\u00e3o Paulo, que a sociedade civil e a iniciativa privada brasileiras se engajem em a\u00e7\u00f5es pela igualdade de oportunidades entre brancos e negros. \u201cPassados quinze anos da ado\u00e7\u00e3o do sistema de cotas [para acesso [&hellip;]<\/p>\n","protected":false},"author":27,"featured_media":0,"comment_status":"open","ping_status":"closed","sticky":false,"template":"","format":"standard","meta":{"footnotes":""},"categories":[2719],"tags":[84,6030,13938,254,96,13583,11349,13936,97,6646,351,34,13937,6012],"class_list":["post-11043","post","type-post","status-publish","format-standard","hentry","category-servidor","tag-acesso","tag-brancos","tag-cargos-publicos","tag-cnj","tag-cotas","tag-dias-toffoli","tag-engajamento","tag-igualdade-racial","tag-negros","tag-oportunidades","tag-sociedade","tag-stf","tag-trofeu-raca-negra","tag-universidades"],"_links":{"self":[{"href":"https:\/\/blogs.correiobraziliense.com.br\/servidor\/wp-json\/wp\/v2\/posts\/11043","targetHints":{"allow":["GET"]}}],"collection":[{"href":"https:\/\/blogs.correiobraziliense.com.br\/servidor\/wp-json\/wp\/v2\/posts"}],"about":[{"href":"https:\/\/blogs.correiobraziliense.com.br\/servidor\/wp-json\/wp\/v2\/types\/post"}],"author":[{"embeddable":true,"href":"https:\/\/blogs.correiobraziliense.com.br\/servidor\/wp-json\/wp\/v2\/users\/27"}],"replies":[{"embeddable":true,"href":"https:\/\/blogs.correiobraziliense.com.br\/servidor\/wp-json\/wp\/v2\/comments?post=11043"}],"version-history":[{"count":1,"href":"https:\/\/blogs.correiobraziliense.com.br\/servidor\/wp-json\/wp\/v2\/posts\/11043\/revisions"}],"predecessor-version":[{"id":11044,"href":"https:\/\/blogs.correiobraziliense.com.br\/servidor\/wp-json\/wp\/v2\/posts\/11043\/revisions\/11044"}],"wp:attachment":[{"href":"https:\/\/blogs.correiobraziliense.com.br\/servidor\/wp-json\/wp\/v2\/media?parent=11043"}],"wp:term":[{"taxonomy":"category","embeddable":true,"href":"https:\/\/blogs.correiobraziliense.com.br\/servidor\/wp-json\/wp\/v2\/categories?post=11043"},{"taxonomy":"post_tag","embeddable":true,"href":"https:\/\/blogs.correiobraziliense.com.br\/servidor\/wp-json\/wp\/v2\/tags?post=11043"}],"curies":[{"name":"wp","href":"https:\/\/api.w.org\/{rel}","templated":true}]}}